{"id":64721,"date":"2025-03-11T17:32:22","date_gmt":"2025-03-12T00:32:22","guid":{"rendered":"https:\/\/elpajaritonews.com\/?p=64721"},"modified":"2025-03-11T17:32:23","modified_gmt":"2025-03-12T00:32:23","slug":"gobernador-durazo-lleva-riquezas-de-sonora-a-feria-san-marcos-como-invitado-de-honor","status":"publish","type":"post","link":"https:\/\/elpajaritonews.com\/?p=64721","title":{"rendered":"GOBERNADOR DURAZO LLEVA RIQUEZAS DE SONORA A FERIA SAN MARCOS COMO INVITADO DE HONOR\u00a0"},"content":{"rendered":"\n<p class=\"wp-block-paragraph\">\u2022 Como resultado de la promoci\u00f3n tur\u00edstica y el valor cultural del estado, acompa\u00f1ado por la gobernadora de Aguascalientes, Mar\u00eda Teresa Jim\u00e9nez Esquivel, el mandatario estatal anunci\u00f3 que Sonora ser\u00e1 el estado invitado de honor en la Feria Nacional de San Marcos (FNSM) 2025, que se llevar\u00e1 a cabo en Aguascalientes del 19 de abril al 11 de mayo. En este evento, Sonora exhibir\u00e1 sus tradiciones, atractivos tur\u00edsticos, gastronom\u00eda y expresiones art\u00edsticas m\u00e1s representativas.<\/p>\n\n\n\n<p class=\"wp-block-paragraph\">\u2022 El titular del Ejecutivo estatal extendi\u00f3 la invitaci\u00f3n a Aguascalientes para participar en el FAOT 2026.<\/p>\n\n\n\n<p class=\"wp-block-paragraph\">Sonora ser\u00e1 el estado invitado de honor en la pr\u00f3xima Feria Nacional de San Marcos (FNSM) 2025, el evento tradicional m\u00e1s grande e importante de M\u00e9xico y Latinoam\u00e9rica. Esta participaci\u00f3n impulsar\u00e1 la riqueza cultural del estado y contribuir\u00e1 a la consolidaci\u00f3n del Festival Alfonso Ortiz Tirado (FAOT) como la mayor celebraci\u00f3n cultural y art\u00edstica del noroeste de M\u00e9xico, con la visi\u00f3n de alcanzar en el futuro el nivel de esta feria, anunci\u00f3 el gobernador Alfonso Durazo Monta\u00f1o.<\/p>\n\n\n\n<p class=\"wp-block-paragraph\">Acompa\u00f1ado por la gobernadora de Aguascalientes, Mar\u00eda Teresa Jim\u00e9nez Esquivel; el secretario de Econom\u00eda y Turismo, Roberto Gradillas Pineda, y el presidente del Patronato de la Feria, Jos\u00e9 \u00c1ngel Gonz\u00e1lez Serna, el mandatario estatal destac\u00f3 que la presencia de Sonora en la FNSM, que se celebrar\u00e1 del 19 de abril al 11 de mayo, ser\u00e1 una oportunidad \u00fanica para promocionar su gastronom\u00eda, artesan\u00edas, riqueza cultural y atractivos tur\u00edsticos ante millones de visitantes nacionales e internacionales. Como parte de esta colaboraci\u00f3n, Durazo Monta\u00f1o extendi\u00f3 la invitaci\u00f3n a Aguascalientes para participar en el FAOT 2026.<\/p>\n\n\n\n<p class=\"wp-block-paragraph\">\u201cTenemos un espacio con una abundante expresi\u00f3n cultural. La presencia de Sonora vendr\u00e1 a enriquecer este panorama, esta agenda de presentaciones de cultura, arte y deporte\u201d, enfatiz\u00f3 el gobernador.<\/p>\n\n\n\n<p class=\"wp-block-paragraph\">Por su parte, la gobernadora Mar\u00eda Teresa Jim\u00e9nez resalt\u00f3 que la Feria Nacional de San Marcos, con una duraci\u00f3n de 23 d\u00edas, recibe a m\u00e1s de ocho millones de visitantes y alberga el segundo cartel taurino m\u00e1s importante a nivel mundial. Adem\u00e1s, ofrece una amplia oferta de espect\u00e1culos, comercio, turismo, deporte, exposiciones ganaderas y una intensa vida nocturna, logrando una ocupaci\u00f3n hotelera del 71.86 %.<\/p>\n\n\n\n<p class=\"wp-block-paragraph\">\u201cQuiero agradecer al doctor Alfonso Durazo, gobernador de Sonora, por esta gran alianza y cooperaci\u00f3n comercial que llevaremos a la Feria Nacional de San Marcos. Aguascalientes lucir\u00e1 lo mejor de este pa\u00eds, y su grandeza se ver\u00e1 a\u00fan m\u00e1s realzada con la presencia de Sonora como estado invitado y de Jap\u00f3n como pa\u00eds invitado\u201d, subray\u00f3 Jim\u00e9nez Esquivel.<\/p>\n\n\n\n<p class=\"wp-block-paragraph\">Durante su participaci\u00f3n en la FNSM 2025, Sonora contar\u00e1 con espacios estrat\u00e9gicos en foros culturales, un stand en el pabell\u00f3n tur\u00edstico-artesanal, un \u00e1rea para exposiciones ganaderas con productores del sector y una presencia destacada en el pabell\u00f3n de desarrollo econ\u00f3mico, con un enfoque empresarial y de inversi\u00f3n.<\/p>\n","protected":false},"excerpt":{"rendered":"<p>\u2022 Como resultado de la promoci\u00f3n tur\u00edstica y el valor cultural del estado, acompa\u00f1ado por la gobernadora de Aguascalientes, Mar\u00eda Teresa Jim\u00e9nez Esquivel, el mandatario estatal anunci\u00f3 que Sonora ser\u00e1 el estado invitado de honor en la Feria Nacional de San Marcos (FNSM) 2025, que se llevar\u00e1 a cabo en Aguascalientes del 19 de abril&#8230;<\/p>\n","protected":false},"author":2,"featured_media":64722,"comment_status":"closed","ping_status":"closed","sticky":false,"template":"","format":"standard","meta":{"_crdt_document":"","_exactmetrics_skip_tracking":false,"_exactmetrics_sitenote_active":false,"_exactmetrics_sitenote_note":"","_exactmetrics_sitenote_category":0,"footnotes":""},"categories":[22,26,23,27,84,69],"tags":[171,71,74,75,30],"class_list":["post-64721","post","type-post","status-publish","format-standard","has-post-thumbnail","hentry","category-escena","category-local","category-mexico","category-sonora","category-turismo","category-ultimas-noticias","tag-aguascalientes","tag-alfonso-durazo","tag-hermosillo","tag-seguridad-publica","tag-sonora-tierra-de-oportunidades"],"_links":{"self":[{"href":"https:\/\/elpajaritonews.com\/index.php?rest_route=\/wp\/v2\/posts\/64721","targetHints":{"allow":["GET"]}}],"collection":[{"href":"https:\/\/elpajaritonews.com\/index.php?rest_route=\/wp\/v2\/posts"}],"about":[{"href":"https:\/\/elpajaritonews.com\/index.php?rest_route=\/wp\/v2\/types\/post"}],"author":[{"embeddable":true,"href":"https:\/\/elpajaritonews.com\/index.php?rest_route=\/wp\/v2\/users\/2"}],"replies":[{"embeddable":true,"href":"https:\/\/elpajaritonews.com\/index.php?rest_route=%2Fwp%2Fv2%2Fcomments&post=64721"}],"version-history":[{"count":1,"href":"https:\/\/elpajaritonews.com\/index.php?rest_route=\/wp\/v2\/posts\/64721\/revisions"}],"predecessor-version":[{"id":64723,"href":"https:\/\/elpajaritonews.com\/index.php?rest_route=\/wp\/v2\/posts\/64721\/revisions\/64723"}],"wp:featuredmedia":[{"embeddable":true,"href":"https:\/\/elpajaritonews.com\/index.php?rest_route=\/wp\/v2\/media\/64722"}],"wp:attachment":[{"href":"https:\/\/elpajaritonews.com\/index.php?rest_route=%2Fwp%2Fv2%2Fmedia&parent=64721"}],"wp:term":[{"taxonomy":"category","embeddable":true,"href":"https:\/\/elpajaritonews.com\/index.php?rest_route=%2Fwp%2Fv2%2Fcategories&post=64721"},{"taxonomy":"post_tag","embeddable":true,"href":"https:\/\/elpajaritonews.com\/index.php?rest_route=%2Fwp%2Fv2%2Ftags&post=64721"}],"curies":[{"name":"wp","href":"https:\/\/api.w.org\/{rel}","templated":true}]}}