{"id":64731,"date":"2025-03-11T19:24:10","date_gmt":"2025-03-12T02:24:10","guid":{"rendered":"https:\/\/elpajaritonews.com\/?p=64731"},"modified":"2025-03-11T19:24:11","modified_gmt":"2025-03-12T02:24:11","slug":"desplegara-eu-a-600-militares-mas-en-la-frontera-con-mexico","status":"publish","type":"post","link":"https:\/\/elpajaritonews.com\/?p=64731","title":{"rendered":"DESPLEGAR\u00c1 EU A 600 MILITARES M\u00c1S EN LA FRONTERA CON M\u00c9XICO"},"content":{"rendered":"\n<p class=\"wp-block-paragraph\">Estados Unidos desplegar\u00e1 m\u00e1s de 600 militares adicionales en su frontera con M\u00e9xico, inform\u00f3 ayer el ej\u00e9rcito estadunidense, en medio de la cruzada del presidente Donald Trump contra la migraci\u00f3n ilegal y las drogas.<\/p>\n\n\n\n<p class=\"wp-block-paragraph\">De ellos, alrededor de 40 ser\u00e1n analistas de inteligencia de la fuerza a\u00e9rea y unos 590 ingenieros del ej\u00e9rcito, inform\u00f3 el Comando Norte de Estados Unidos (Northcom) en un comunicado.<\/p>\n\n\n\n<p class=\"wp-block-paragraph\">Esto \u201caumentar\u00e1 el n\u00famero total de tropas desplegadas o programadas para desplegarse en la frontera sur a aproximadamente 9 mil 600. El n\u00famero exacto de personal fluctuar\u00e1 a medida que las unidades roten y se asignen fuerzas adicionales\u201d, agreg\u00f3.<\/p>\n\n\n\n<p class=\"wp-block-paragraph\">La seguridad fronteriza es una prioridad para el magnate, por lo que declar\u00f3 una emergencia nacional en la frontera de Estados Unidos con M\u00e9xico el 20 de enero, el primer d\u00eda de su segundo mandato.<\/p>\n\n\n\n<p class=\"wp-block-paragraph\">Adem\u00e1s, ante el pleno de Congreso el republicano sostuvo este mes que el territorio mexicano lindante con la frontera estadunidense \u00abest\u00e1 dominado en su totalidad por c\u00e1rteles criminales que asesinan, violan, torturan\u00bb.<\/p>\n\n\n\n<p class=\"wp-block-paragraph\">Trump los acusa adem\u00e1s de amenazar \u00abla seguridad nacional\u00bb de Estados Unidos y estima que lleg\u00f3 la hora de librar \u00abuna guerra\u00bb contra ellos.<\/p>\n\n\n\n<p class=\"wp-block-paragraph\">Asimismo, design\u00f3 como organizaciones \u00abterroristas globales\u00bb a seis grupos mexicanos, incluido el c\u00e1rtel de Sinaloa (que fund\u00f3 en los a\u00f1os 1980 por Joaqu\u00edn \u00abEl Chapo\u00bb Guzm\u00e1n e Ismael \u00abEl Mayo\u00bb Zambada).<\/p>\n\n\n\n<p class=\"wp-block-paragraph\">Su administraci\u00f3n tambi\u00e9n lanz\u00f3 un plan para frenar la migraci\u00f3n ilegal que incluye redadas migratorias, arrestos y deportaciones.<\/p>\n\n\n\n<p class=\"wp-block-paragraph\">\u201cLa invasi\u00f3n de nuestro pa\u00eds ha TERMINADO. Gracias a las pol\u00edticas de la administraci\u00f3n Trump, la frontera est\u00e1 CERRADA para todos los inmigrantes ilegales\u201d, proclam\u00f3 el presidente a principios de este mes en su plataforma Truth Social.<\/p>\n","protected":false},"excerpt":{"rendered":"<p>Estados Unidos desplegar\u00e1 m\u00e1s de 600 militares adicionales en su frontera con M\u00e9xico, inform\u00f3 ayer el ej\u00e9rcito estadunidense, en medio de la cruzada del presidente Donald Trump contra la migraci\u00f3n ilegal y las drogas. De ellos, alrededor de 40 ser\u00e1n analistas de inteligencia de la fuerza a\u00e9rea y unos 590 ingenieros del ej\u00e9rcito, inform\u00f3 el&#8230;<\/p>\n","protected":false},"author":2,"featured_media":64732,"comment_status":"closed","ping_status":"closed","sticky":false,"template":"","format":"standard","meta":{"_crdt_document":"","_exactmetrics_skip_tracking":false,"_exactmetrics_sitenote_active":false,"_exactmetrics_sitenote_note":"","_exactmetrics_sitenote_category":0,"footnotes":""},"categories":[17,80,89,23,38,31,1,27,69],"tags":[71,72,86,75],"class_list":["post-64731","post","type-post","status-publish","format-standard","has-post-thumbnail","hentry","category-arizona","category-derechos-humanos","category-estados-unidos","category-mexico","category-migracion","category-politica","category-seguridad","category-sonora","category-ultimas-noticias","tag-alfonso-durazo","tag-claudia-sheinbaum","tag-donald-trump","tag-seguridad-publica"],"_links":{"self":[{"href":"https:\/\/elpajaritonews.com\/index.php?rest_route=\/wp\/v2\/posts\/64731","targetHints":{"allow":["GET"]}}],"collection":[{"href":"https:\/\/elpajaritonews.com\/index.php?rest_route=\/wp\/v2\/posts"}],"about":[{"href":"https:\/\/elpajaritonews.com\/index.php?rest_route=\/wp\/v2\/types\/post"}],"author":[{"embeddable":true,"href":"https:\/\/elpajaritonews.com\/index.php?rest_route=\/wp\/v2\/users\/2"}],"replies":[{"embeddable":true,"href":"https:\/\/elpajaritonews.com\/index.php?rest_route=%2Fwp%2Fv2%2Fcomments&post=64731"}],"version-history":[{"count":1,"href":"https:\/\/elpajaritonews.com\/index.php?rest_route=\/wp\/v2\/posts\/64731\/revisions"}],"predecessor-version":[{"id":64733,"href":"https:\/\/elpajaritonews.com\/index.php?rest_route=\/wp\/v2\/posts\/64731\/revisions\/64733"}],"wp:featuredmedia":[{"embeddable":true,"href":"https:\/\/elpajaritonews.com\/index.php?rest_route=\/wp\/v2\/media\/64732"}],"wp:attachment":[{"href":"https:\/\/elpajaritonews.com\/index.php?rest_route=%2Fwp%2Fv2%2Fmedia&parent=64731"}],"wp:term":[{"taxonomy":"category","embeddable":true,"href":"https:\/\/elpajaritonews.com\/index.php?rest_route=%2Fwp%2Fv2%2Fcategories&post=64731"},{"taxonomy":"post_tag","embeddable":true,"href":"https:\/\/elpajaritonews.com\/index.php?rest_route=%2Fwp%2Fv2%2Ftags&post=64731"}],"curies":[{"name":"wp","href":"https:\/\/api.w.org\/{rel}","templated":true}]}}