{"id":64890,"date":"2025-03-16T15:10:59","date_gmt":"2025-03-16T22:10:59","guid":{"rendered":"https:\/\/elpajaritonews.com\/?p=64890"},"modified":"2025-03-16T15:11:01","modified_gmt":"2025-03-16T22:11:01","slug":"en-tabasco-presidenta-claudia-sheinbaum-encabeza-inicio-de-obras-para-la-carretera-macuspana-escarcega","status":"publish","type":"post","link":"https:\/\/elpajaritonews.com\/?p=64890","title":{"rendered":"EN TABASCO, PRESIDENTA CLAUDIA SHEINBAUM ENCABEZA INICIO DE OBRAS PARA LA CARRETERA MACUSPANA-ESC\u00c1RCEGA"},"content":{"rendered":"\n<ul class=\"wp-block-list\">\n<li>Consta de 300 km de longitud total con una inversi\u00f3n de 11 mil 200 mdp y se construir\u00e1 entre 2025- 2028<\/li>\n\n\n\n<li>Este a\u00f1o arrancan las obras en los primeros 16 km en el tramo Macuspana \u2013 Oca\u00f1a con una inversi\u00f3n de mil 500 mdp<\/li>\n<\/ul>\n\n\n\n<p class=\"wp-block-paragraph\">En el marco del Programa Nacional de Infraestructura Carretera, la Presidenta de M\u00e9xico, Claudia Sheinbaum Pardo encabez\u00f3 en Tabasco, el inicio de las obras para la carretera Macuspana &#8211; Esc\u00e1rcega que tendr\u00e1 una inversi\u00f3n de cerca de 11 mil 200 millones de pesos (mdp), la cual consta de 300 kil\u00f3metros (km) de longitud total y se construir\u00e1 entre 2025-2028.<\/p>\n\n\n\n<p class=\"wp-block-paragraph\">\u201cEl d\u00eda de hoy inician los trabajos (\u2026) Ya est\u00e1n las m\u00e1quinas ah\u00ed para poder hacer esta carretera. Tambi\u00e9n vamos a ayudar a Javier para que puedan repavimentarse todas las carreteras de Tabasco, que podamos acabar con todos los baches que hay\u201d, asegur\u00f3.<\/p>\n\n\n\n<figure class=\"wp-block-embed is-type-video is-provider-youtube wp-block-embed-youtube wp-embed-aspect-16-9 wp-has-aspect-ratio\"><div class=\"wp-block-embed__wrapper\">\n<iframe loading=\"lazy\" title=\"Inicio de carretera Macuspana-Esc\u00e1rcega. Macuspana, Tabasco\" width=\"640\" height=\"360\" src=\"https:\/\/www.youtube.com\/embed\/7JiToyIuR74?feature=oembed\" frameborder=\"0\" allow=\"accelerometer; autoplay; clipboard-write; encrypted-media; gyroscope; picture-in-picture; web-share\" referrerpolicy=\"strict-origin-when-cross-origin\" allowfullscreen><\/iframe>\n<\/div><\/figure>\n\n\n\n<p class=\"wp-block-paragraph\">El secretario de Infraestructura, Comunicaciones y Transportes, Jes\u00fas Antonio Esteva Medina, precis\u00f3 que con esta obra carretera de los 300 km totales: 130 se ampliar\u00e1n de dos a cuatro carriles y 170 km ser\u00e1n obras de conservaci\u00f3n, generando cerca de 33 mil 600 empleos.<\/p>\n\n\n\n<p class=\"wp-block-paragraph\">Explic\u00f3 que la primera etapa del inicio de obras atender\u00e1 16 km, que comprende el tramo de Macuspana \u2013 Oca\u00f1a, con una inversi\u00f3n de mil 500 mdp y tres frentes simult\u00e1neos de trabajo: 1.Macuspana a Rancher\u00eda Gregorio M\u00e9ndez; 2.Rancher\u00eda Gregorio M\u00e9ndez a Rancher\u00eda Abasolo y 3.Rancher\u00eda Abasolo a Oca\u00f1a.<\/p>\n","protected":false},"excerpt":{"rendered":"<p>En el marco del Programa Nacional de Infraestructura Carretera, la Presidenta de M\u00e9xico, Claudia Sheinbaum Pardo encabez\u00f3 en Tabasco, el inicio de las obras para la carretera Macuspana &#8211; Esc\u00e1rcega que tendr\u00e1 una inversi\u00f3n de cerca de 11 mil 200 millones de pesos (mdp), la cual consta de 300 kil\u00f3metros (km) de longitud total y&#8230;<\/p>\n","protected":false},"author":2,"featured_media":64891,"comment_status":"closed","ping_status":"closed","sticky":false,"template":"","format":"standard","meta":{"_crdt_document":"","_exactmetrics_skip_tracking":false,"_exactmetrics_sitenote_active":false,"_exactmetrics_sitenote_note":"","_exactmetrics_sitenote_category":0,"footnotes":""},"categories":[36,23,84,69],"tags":[71,72,74,28,75,30],"class_list":["post-64890","post","type-post","status-publish","format-standard","has-post-thumbnail","hentry","category-economia","category-mexico","category-turismo","category-ultimas-noticias","tag-alfonso-durazo","tag-claudia-sheinbaum","tag-hermosillo","tag-nogales","tag-seguridad-publica","tag-sonora-tierra-de-oportunidades"],"_links":{"self":[{"href":"https:\/\/elpajaritonews.com\/index.php?rest_route=\/wp\/v2\/posts\/64890","targetHints":{"allow":["GET"]}}],"collection":[{"href":"https:\/\/elpajaritonews.com\/index.php?rest_route=\/wp\/v2\/posts"}],"about":[{"href":"https:\/\/elpajaritonews.com\/index.php?rest_route=\/wp\/v2\/types\/post"}],"author":[{"embeddable":true,"href":"https:\/\/elpajaritonews.com\/index.php?rest_route=\/wp\/v2\/users\/2"}],"replies":[{"embeddable":true,"href":"https:\/\/elpajaritonews.com\/index.php?rest_route=%2Fwp%2Fv2%2Fcomments&post=64890"}],"version-history":[{"count":1,"href":"https:\/\/elpajaritonews.com\/index.php?rest_route=\/wp\/v2\/posts\/64890\/revisions"}],"predecessor-version":[{"id":64892,"href":"https:\/\/elpajaritonews.com\/index.php?rest_route=\/wp\/v2\/posts\/64890\/revisions\/64892"}],"wp:featuredmedia":[{"embeddable":true,"href":"https:\/\/elpajaritonews.com\/index.php?rest_route=\/wp\/v2\/media\/64891"}],"wp:attachment":[{"href":"https:\/\/elpajaritonews.com\/index.php?rest_route=%2Fwp%2Fv2%2Fmedia&parent=64890"}],"wp:term":[{"taxonomy":"category","embeddable":true,"href":"https:\/\/elpajaritonews.com\/index.php?rest_route=%2Fwp%2Fv2%2Fcategories&post=64890"},{"taxonomy":"post_tag","embeddable":true,"href":"https:\/\/elpajaritonews.com\/index.php?rest_route=%2Fwp%2Fv2%2Ftags&post=64890"}],"curies":[{"name":"wp","href":"https:\/\/api.w.org\/{rel}","templated":true}]}}