{"id":64960,"date":"2025-03-19T00:07:11","date_gmt":"2025-03-19T07:07:11","guid":{"rendered":"https:\/\/elpajaritonews.com\/?p=64960"},"modified":"2025-03-19T00:07:13","modified_gmt":"2025-03-19T07:07:13","slug":"detiene-semar-a-cinco-integrantes-de-los-salazar-en-sonora","status":"publish","type":"post","link":"https:\/\/elpajaritonews.com\/?p=64960","title":{"rendered":"DETIENE SEMAR A CINCO INTEGRANTES DE &#8216;LOS SALAZAR&#8217; EN SONORA"},"content":{"rendered":"\n<p class=\"wp-block-paragraph\">Personal de la Secretar\u00eda de Marina-Armada de M\u00e9xico (Semar) detuvo en Cajeme, Sonora, a cinco integrantes del grupo delictivo Los Salazar, una banda vinculada al C\u00e1rtel de Sinaloa. Entre los detenidos destaca la aprehensi\u00f3n de Manuel Antonio G\u00f3mez Evans, El Chino, identificado como \u00abgenerador de violencia y miembro de segundo nivel en la estructura de Los Salazar\u00bb.<\/p>\n\n\n\n<p class=\"wp-block-paragraph\">El gobierno federal dio a conocer que en un operativo en la zona rural Secci\u00f3n Zaperoa, Granjas Micas, result\u00f3 en la captura de cinco individuos identificados como presuntos generadores de violencia en la regi\u00f3n.<\/p>\n\n\n\n<p class=\"wp-block-paragraph\">Manuel Antonio G\u00f3mez quien fue detenido en compa\u00f1\u00eda de dos mujeres y dos hombres, ser\u00e1n investigados por su posible participaci\u00f3n en actividades il\u00edcitas relacionadas con Los Salazar.<\/p>\n\n\n\n<p class=\"wp-block-paragraph\">Durante el operativo realizado por personal naval y autoridades del estado de Sonora se aseguraron armas y veh\u00edculos.<\/p>\n\n\n\n<p class=\"wp-block-paragraph\">Durante un cateo se recuper\u00f3 una motocicleta con reporte de robo, un arma de fuego larga calibre .30-30 con cargador y dos casquillos calibre 7.62&#215;39, artefactos que seg\u00fan las autoridades federales \u00abpodr\u00edan estar relacionados con hechos delictivos en la zona\u00bb.<\/p>\n\n\n\n<p class=\"wp-block-paragraph\">Los detenidos fueron puestos a disposici\u00f3n de la Fiscal\u00eda General de la Rep\u00fablica (FGR).<\/p>\n","protected":false},"excerpt":{"rendered":"<p>Personal de la Secretar\u00eda de Marina-Armada de M\u00e9xico (Semar) detuvo en Cajeme, Sonora, a cinco integrantes del grupo delictivo Los Salazar, una banda vinculada al C\u00e1rtel de Sinaloa. Entre los detenidos destaca la aprehensi\u00f3n de Manuel Antonio G\u00f3mez Evans, El Chino, identificado como \u00abgenerador de violencia y miembro de segundo nivel en la estructura de&#8230;<\/p>\n","protected":false},"author":2,"featured_media":64961,"comment_status":"closed","ping_status":"closed","sticky":false,"template":"","format":"standard","meta":{"_crdt_document":"","_exactmetrics_skip_tracking":false,"_exactmetrics_sitenote_active":false,"_exactmetrics_sitenote_note":"","_exactmetrics_sitenote_category":0,"footnotes":""},"categories":[1,27,69],"tags":[71,74,75],"class_list":["post-64960","post","type-post","status-publish","format-standard","has-post-thumbnail","hentry","category-seguridad","category-sonora","category-ultimas-noticias","tag-alfonso-durazo","tag-hermosillo","tag-seguridad-publica"],"_links":{"self":[{"href":"https:\/\/elpajaritonews.com\/index.php?rest_route=\/wp\/v2\/posts\/64960","targetHints":{"allow":["GET"]}}],"collection":[{"href":"https:\/\/elpajaritonews.com\/index.php?rest_route=\/wp\/v2\/posts"}],"about":[{"href":"https:\/\/elpajaritonews.com\/index.php?rest_route=\/wp\/v2\/types\/post"}],"author":[{"embeddable":true,"href":"https:\/\/elpajaritonews.com\/index.php?rest_route=\/wp\/v2\/users\/2"}],"replies":[{"embeddable":true,"href":"https:\/\/elpajaritonews.com\/index.php?rest_route=%2Fwp%2Fv2%2Fcomments&post=64960"}],"version-history":[{"count":1,"href":"https:\/\/elpajaritonews.com\/index.php?rest_route=\/wp\/v2\/posts\/64960\/revisions"}],"predecessor-version":[{"id":64962,"href":"https:\/\/elpajaritonews.com\/index.php?rest_route=\/wp\/v2\/posts\/64960\/revisions\/64962"}],"wp:featuredmedia":[{"embeddable":true,"href":"https:\/\/elpajaritonews.com\/index.php?rest_route=\/wp\/v2\/media\/64961"}],"wp:attachment":[{"href":"https:\/\/elpajaritonews.com\/index.php?rest_route=%2Fwp%2Fv2%2Fmedia&parent=64960"}],"wp:term":[{"taxonomy":"category","embeddable":true,"href":"https:\/\/elpajaritonews.com\/index.php?rest_route=%2Fwp%2Fv2%2Fcategories&post=64960"},{"taxonomy":"post_tag","embeddable":true,"href":"https:\/\/elpajaritonews.com\/index.php?rest_route=%2Fwp%2Fv2%2Ftags&post=64960"}],"curies":[{"name":"wp","href":"https:\/\/api.w.org\/{rel}","templated":true}]}}