{"id":64963,"date":"2025-03-19T12:47:40","date_gmt":"2025-03-19T19:47:40","guid":{"rendered":"https:\/\/elpajaritonews.com\/?p=64963"},"modified":"2025-03-19T12:47:42","modified_gmt":"2025-03-19T19:47:42","slug":"hoy-se-llevan-a-cabo-elecciones-generales-para-secretario-general-de-la-seccion-13-sonora-del-sntss-del-imss","status":"publish","type":"post","link":"https:\/\/elpajaritonews.com\/?p=64963","title":{"rendered":"HOY SE LLEVAN A CABO ELECCIONES GENERALES PARA SECRETARIO GENERAL DE LA SECCI\u00d3N 13 SONORA DEL SNTSS DEL IMSS"},"content":{"rendered":"\n<p class=\"wp-block-paragraph\">El enfermero y hermosillense Francisco Javier Bonilla Romero&nbsp; uno de los cuatro candidatos acudi\u00f3 a ejercer su derecho al voto.<\/p>\n\n\n\n<p class=\"wp-block-paragraph\">Este d\u00eda se est\u00e1 llevando a cabo la elecci\u00f3n a Secretario General de la Secci\u00f3n 13 Sonora, desde muy temprana hora los trabajadores agremiados al Sindicato Nacional de Trabajadores del Seguro Social (SNTSS) acudieron a votar a los diferentes centros de trabajo. El Enfermero Francisco Javier Bonilla Romero&nbsp; uno de los cuatro candidatos originario&nbsp; de&nbsp; Hermosillo acudi\u00f3 a ejercer su derecho al voto en un ambiente festivo y de sana convivencia.<\/p>\n\n\n\n<p class=\"wp-block-paragraph\">Hay 3 candidatos m\u00e1s que son de Cd Obreg\u00f3n, la votaci\u00f3n es en todo el estado de Sonora.&nbsp;<\/p>\n","protected":false},"excerpt":{"rendered":"<p>El enfermero y hermosillense Francisco Javier Bonilla Romero&nbsp; uno de los cuatro candidatos acudi\u00f3 a ejercer su derecho al voto. Este d\u00eda se est\u00e1 llevando a cabo la elecci\u00f3n a Secretario General de la Secci\u00f3n 13 Sonora, desde muy temprana hora los trabajadores agremiados al Sindicato Nacional de Trabajadores del Seguro Social (SNTSS) acudieron a&#8230;<\/p>\n","protected":false},"author":2,"featured_media":64964,"comment_status":"closed","ping_status":"closed","sticky":false,"template":"","format":"standard","meta":{"_crdt_document":"","_exactmetrics_skip_tracking":false,"_exactmetrics_sitenote_active":false,"_exactmetrics_sitenote_note":"","_exactmetrics_sitenote_category":0,"footnotes":""},"categories":[26,23,31,32,27,69],"tags":[71,72,74,221,28,222,30],"class_list":["post-64963","post","type-post","status-publish","format-standard","has-post-thumbnail","hentry","category-local","category-mexico","category-politica","category-salud","category-sonora","category-ultimas-noticias","tag-alfonso-durazo","tag-claudia-sheinbaum","tag-hermosillo","tag-imss","tag-nogales","tag-sntss","tag-sonora-tierra-de-oportunidades"],"_links":{"self":[{"href":"https:\/\/elpajaritonews.com\/index.php?rest_route=\/wp\/v2\/posts\/64963","targetHints":{"allow":["GET"]}}],"collection":[{"href":"https:\/\/elpajaritonews.com\/index.php?rest_route=\/wp\/v2\/posts"}],"about":[{"href":"https:\/\/elpajaritonews.com\/index.php?rest_route=\/wp\/v2\/types\/post"}],"author":[{"embeddable":true,"href":"https:\/\/elpajaritonews.com\/index.php?rest_route=\/wp\/v2\/users\/2"}],"replies":[{"embeddable":true,"href":"https:\/\/elpajaritonews.com\/index.php?rest_route=%2Fwp%2Fv2%2Fcomments&post=64963"}],"version-history":[{"count":2,"href":"https:\/\/elpajaritonews.com\/index.php?rest_route=\/wp\/v2\/posts\/64963\/revisions"}],"predecessor-version":[{"id":64966,"href":"https:\/\/elpajaritonews.com\/index.php?rest_route=\/wp\/v2\/posts\/64963\/revisions\/64966"}],"wp:featuredmedia":[{"embeddable":true,"href":"https:\/\/elpajaritonews.com\/index.php?rest_route=\/wp\/v2\/media\/64964"}],"wp:attachment":[{"href":"https:\/\/elpajaritonews.com\/index.php?rest_route=%2Fwp%2Fv2%2Fmedia&parent=64963"}],"wp:term":[{"taxonomy":"category","embeddable":true,"href":"https:\/\/elpajaritonews.com\/index.php?rest_route=%2Fwp%2Fv2%2Fcategories&post=64963"},{"taxonomy":"post_tag","embeddable":true,"href":"https:\/\/elpajaritonews.com\/index.php?rest_route=%2Fwp%2Fv2%2Ftags&post=64963"}],"curies":[{"name":"wp","href":"https:\/\/api.w.org\/{rel}","templated":true}]}}