{"id":64977,"date":"2025-03-19T17:44:38","date_gmt":"2025-03-20T00:44:38","guid":{"rendered":"https:\/\/elpajaritonews.com\/?p=64977"},"modified":"2025-03-19T17:44:57","modified_gmt":"2025-03-20T00:44:57","slug":"gobernador-durazo-oferta-mas-de-mil-empleos-para-mujeres-en-la-feria-nacional-2025","status":"publish","type":"post","link":"https:\/\/elpajaritonews.com\/?p=64977","title":{"rendered":"GOBERNADOR DURAZO OFERTA M\u00c1S DE MIL EMPLEOS PARA MUJERES EN LA FERIA NACIONAL 2025"},"content":{"rendered":"\n<p class=\"wp-block-paragraph\">* El mandatario estatal inaugur\u00f3 la Feria Nacional de Empleo para las Mujeres 2025, con m\u00e1s de mil vacantes disponibles para ampliar las posibilidades de acceso a una actividad remunerada para el sector femenino.<\/p>\n\n\n\n<p class=\"wp-block-paragraph\">* En esta edici\u00f3n participaron m\u00e1s de 40 empresas de los sectores de la construcci\u00f3n, supermercados y manufactura. Tambi\u00e9n asistieron representantes de dependencias gubernamentales como el ISJ y el Icatson.<\/p>\n\n\n\n<p class=\"wp-block-paragraph\">El objetivo del evento es vincular a mujeres de manera presencial, a trav\u00e9s de la Secretar\u00eda del Trabajo, para facilitar su colocaci\u00f3n en empleos formales.<\/p>\n\n\n\n<p class=\"wp-block-paragraph\">Con la finalidad de garantizar la igualdad de oportunidades para el sector femenino en la entidad y generar empleos formales mejor remunerados que permitan consolidar la transformaci\u00f3n y el bienestar de las familias sonorenses, el gobernador Alfonso Durazo Monta\u00f1o inaugur\u00f3 la Feria Nacional de Empleo para las Mujeres 2025, realizada este 19 de marzo en el Centro de Gobierno.<\/p>\n\n\n\n<p class=\"wp-block-paragraph\">El mandatario estatal explic\u00f3 que este evento se enmarca en la conmemoraci\u00f3n del D\u00eda Internacional de las Mujeres por parte de la Secretar\u00eda del Trabajo, con el objetivo de acercar a las aspirantes a mejores ofertas de empleo formal con sueldos competitivos, garantizando as\u00ed un ingreso digno para ellas y sus familias.<\/p>\n\n\n\n<p class=\"wp-block-paragraph\">Esta feria contar\u00e1 con m\u00e1s de mil vacantes disponibles, lo que ampliar\u00e1 las oportunidades de acceso a una actividad remunerada que permita la independencia econ\u00f3mica de las mujeres.<\/p>\n\n\n\n<p class=\"wp-block-paragraph\">\u201cPor eso es importante abrir espacios como los que hoy ofrecemos, para rescatar progresivamente a la mujer no solo de la informalidad, sino tambi\u00e9n de la dependencia econ\u00f3mica. En ese objetivo, las mujeres sonorenses me van a encontrar invariablemente a su lado, como lo he estado en estos tres a\u00f1os de mi gobierno\u201d, indic\u00f3.<\/p>\n\n\n\n<p class=\"wp-block-paragraph\">En esta edici\u00f3n participaron m\u00e1s de 40 empresas de los sectores de la construcci\u00f3n, tiendas de autoservicio, electr\u00f3nica y manufactura. Por parte del sector gubernamental, estuvieron presentes el programa J\u00f3venes Construyendo el Futuro, el Instituto Sonorense de la Juventud, el Centro de Rehabilitaci\u00f3n e Inclusi\u00f3n Infantil Telet\u00f3n (CRIT) y el Icatson.<\/p>\n","protected":false},"excerpt":{"rendered":"<p>* El mandatario estatal inaugur\u00f3 la Feria Nacional de Empleo para las Mujeres 2025, con m\u00e1s de mil vacantes disponibles para ampliar las posibilidades de acceso a una actividad remunerada para el sector femenino. * En esta edici\u00f3n participaron m\u00e1s de 40 empresas de los sectores de la construcci\u00f3n, supermercados y manufactura. Tambi\u00e9n asistieron representantes&#8230;<\/p>\n","protected":false},"author":2,"featured_media":64978,"comment_status":"closed","ping_status":"closed","sticky":false,"template":"","format":"standard","meta":{"_crdt_document":"","_exactmetrics_skip_tracking":false,"_exactmetrics_sitenote_active":false,"_exactmetrics_sitenote_note":"","_exactmetrics_sitenote_category":0,"footnotes":""},"categories":[36,26,31,27,69],"tags":[71,74,28,30],"class_list":["post-64977","post","type-post","status-publish","format-standard","has-post-thumbnail","hentry","category-economia","category-local","category-politica","category-sonora","category-ultimas-noticias","tag-alfonso-durazo","tag-hermosillo","tag-nogales","tag-sonora-tierra-de-oportunidades"],"_links":{"self":[{"href":"https:\/\/elpajaritonews.com\/index.php?rest_route=\/wp\/v2\/posts\/64977","targetHints":{"allow":["GET"]}}],"collection":[{"href":"https:\/\/elpajaritonews.com\/index.php?rest_route=\/wp\/v2\/posts"}],"about":[{"href":"https:\/\/elpajaritonews.com\/index.php?rest_route=\/wp\/v2\/types\/post"}],"author":[{"embeddable":true,"href":"https:\/\/elpajaritonews.com\/index.php?rest_route=\/wp\/v2\/users\/2"}],"replies":[{"embeddable":true,"href":"https:\/\/elpajaritonews.com\/index.php?rest_route=%2Fwp%2Fv2%2Fcomments&post=64977"}],"version-history":[{"count":1,"href":"https:\/\/elpajaritonews.com\/index.php?rest_route=\/wp\/v2\/posts\/64977\/revisions"}],"predecessor-version":[{"id":64979,"href":"https:\/\/elpajaritonews.com\/index.php?rest_route=\/wp\/v2\/posts\/64977\/revisions\/64979"}],"wp:featuredmedia":[{"embeddable":true,"href":"https:\/\/elpajaritonews.com\/index.php?rest_route=\/wp\/v2\/media\/64978"}],"wp:attachment":[{"href":"https:\/\/elpajaritonews.com\/index.php?rest_route=%2Fwp%2Fv2%2Fmedia&parent=64977"}],"wp:term":[{"taxonomy":"category","embeddable":true,"href":"https:\/\/elpajaritonews.com\/index.php?rest_route=%2Fwp%2Fv2%2Fcategories&post=64977"},{"taxonomy":"post_tag","embeddable":true,"href":"https:\/\/elpajaritonews.com\/index.php?rest_route=%2Fwp%2Fv2%2Ftags&post=64977"}],"curies":[{"name":"wp","href":"https:\/\/api.w.org\/{rel}","templated":true}]}}