{"id":64980,"date":"2025-03-19T18:10:09","date_gmt":"2025-03-20T01:10:09","guid":{"rendered":"https:\/\/elpajaritonews.com\/?p=64980"},"modified":"2025-03-19T18:10:11","modified_gmt":"2025-03-20T01:10:11","slug":"mujeres-agradecen-oportunidad-de-empleo-a-gobernador-durazo-en-feria-nacional-2025","status":"publish","type":"post","link":"https:\/\/elpajaritonews.com\/?p=64980","title":{"rendered":"MUJERES AGRADECEN OPORTUNIDAD DE EMPLEO A GOBERNADOR DURAZO EN FERIA NACIONAL 2025"},"content":{"rendered":"\n<p class=\"wp-block-paragraph\">Mujeres que asistieron a la Feria Nacional del Empleo 2025 agradecieron al gobernador Alfonso Durazo Monta\u00f1o que promueva la realizaci\u00f3n de este tipo de eventos, ya que les abre la puerta a una oportunidad de desarrollo y bienestar para sus familias.<\/p>\n\n\n\n<p class=\"wp-block-paragraph\">Beatriz Nieblas mencion\u00f3 que es una gran oportunidad para mujeres de todas las edades, ya que es un espacio para encontrar un trabajo bien remunerado.<\/p>\n\n\n\n<p class=\"wp-block-paragraph\">\u201cMe parece bien, para poder tener un buen trabajo, y que nos contraten, ahorita batallamos por la edad, y que den chance a gente m\u00e1s grande de agarrar trabajo, habla muy bien\u201d, indic\u00f3.<\/p>\n\n\n\n<p class=\"wp-block-paragraph\">La se\u00f1ora Mar\u00eda Guadalupe Angulo Ur\u00edas indic\u00f3 que se trata de una oportunidad para las mujeres de acceder a un empleo bien pagado, que les permita desarrollarse en distintas \u00e1reas.<\/p>\n\n\n\n<p class=\"wp-block-paragraph\">\u201cMe parece muy bien hasta ahorita que nos den oportunidad a las mujeres con edad porque de 40 para arriba batallamos para encontrar trabajo\u201d, coment\u00f3.<\/p>\n\n\n\n<p class=\"wp-block-paragraph\">Karla Patricia Sau Valdez mencion\u00f3 que es una oferta que favorece a las mujeres de todos los sectores sociales, quienes buscan oportunidades de trabajos bien pagados.<\/p>\n\n\n\n<p class=\"wp-block-paragraph\">\u201cMuy bueno, hay mucha gente, muchas mujeres mayores que no tienen esa oportunidad, esta oportunidad les da para m\u00e1s\u201d, se\u00f1al\u00f3.<\/p>\n\n\n\n<p class=\"wp-block-paragraph\">Como reclutadora, D\u00e1maris Huacuja mencion\u00f3 que estas ferias acercan a las mujeres con el mercado laboral, permiti\u00e9ndoles conocer de primera mano todas las oportunidades con las que cuentan.<\/p>\n\n\n\n<p class=\"wp-block-paragraph\">\u201cA nosotros como reclutadores nos ayuda demasiado a poder llegar a este tipo de personas que a lo mejor no est\u00e1n muy activas en redes sociales, o se les dificulta el tema de traslado para poder acudir a una entrevista. El hecho de que sea en un lugar c\u00e9ntrico y en las instalaciones de Secretar\u00eda del Trabajo, nos ayuda a tener esa facilidad, es de aplaudirse que hagan este tipo de ferias de empleo para mujeres\u201d, coment\u00f3.<\/p>\n","protected":false},"excerpt":{"rendered":"<p>Mujeres que asistieron a la Feria Nacional del Empleo 2025 agradecieron al gobernador Alfonso Durazo Monta\u00f1o que promueva la realizaci\u00f3n de este tipo de eventos, ya que les abre la puerta a una oportunidad de desarrollo y bienestar para sus familias. Beatriz Nieblas mencion\u00f3 que es una gran oportunidad para mujeres de todas las edades,&#8230;<\/p>\n","protected":false},"author":2,"featured_media":64981,"comment_status":"closed","ping_status":"closed","sticky":false,"template":"","format":"standard","meta":{"_crdt_document":"","_exactmetrics_skip_tracking":false,"_exactmetrics_sitenote_active":false,"_exactmetrics_sitenote_note":"","_exactmetrics_sitenote_category":0,"footnotes":""},"categories":[36,31,27,69],"tags":[71,74,28,30],"class_list":["post-64980","post","type-post","status-publish","format-standard","has-post-thumbnail","hentry","category-economia","category-politica","category-sonora","category-ultimas-noticias","tag-alfonso-durazo","tag-hermosillo","tag-nogales","tag-sonora-tierra-de-oportunidades"],"_links":{"self":[{"href":"https:\/\/elpajaritonews.com\/index.php?rest_route=\/wp\/v2\/posts\/64980","targetHints":{"allow":["GET"]}}],"collection":[{"href":"https:\/\/elpajaritonews.com\/index.php?rest_route=\/wp\/v2\/posts"}],"about":[{"href":"https:\/\/elpajaritonews.com\/index.php?rest_route=\/wp\/v2\/types\/post"}],"author":[{"embeddable":true,"href":"https:\/\/elpajaritonews.com\/index.php?rest_route=\/wp\/v2\/users\/2"}],"replies":[{"embeddable":true,"href":"https:\/\/elpajaritonews.com\/index.php?rest_route=%2Fwp%2Fv2%2Fcomments&post=64980"}],"version-history":[{"count":1,"href":"https:\/\/elpajaritonews.com\/index.php?rest_route=\/wp\/v2\/posts\/64980\/revisions"}],"predecessor-version":[{"id":64982,"href":"https:\/\/elpajaritonews.com\/index.php?rest_route=\/wp\/v2\/posts\/64980\/revisions\/64982"}],"wp:featuredmedia":[{"embeddable":true,"href":"https:\/\/elpajaritonews.com\/index.php?rest_route=\/wp\/v2\/media\/64981"}],"wp:attachment":[{"href":"https:\/\/elpajaritonews.com\/index.php?rest_route=%2Fwp%2Fv2%2Fmedia&parent=64980"}],"wp:term":[{"taxonomy":"category","embeddable":true,"href":"https:\/\/elpajaritonews.com\/index.php?rest_route=%2Fwp%2Fv2%2Fcategories&post=64980"},{"taxonomy":"post_tag","embeddable":true,"href":"https:\/\/elpajaritonews.com\/index.php?rest_route=%2Fwp%2Fv2%2Ftags&post=64980"}],"curies":[{"name":"wp","href":"https:\/\/api.w.org\/{rel}","templated":true}]}}