{"id":65021,"date":"2025-03-22T20:16:29","date_gmt":"2025-03-23T03:16:29","guid":{"rendered":"https:\/\/elpajaritonews.com\/?p=65021"},"modified":"2025-03-22T20:16:32","modified_gmt":"2025-03-23T03:16:32","slug":"gobernador-durazo-inaugurara-el-bosque-urbano-la-sauceda-este-domingo","status":"publish","type":"post","link":"https:\/\/elpajaritonews.com\/?p=65021","title":{"rendered":"GOBERNADOR DURAZO INAUGURAR\u00c1 EL BOSQUE URBANO LA SAUCEDA ESTE DOMINGO"},"content":{"rendered":"\n<p class=\"wp-block-paragraph\">A partir de este domingo, el Bosque Urbano La Sauceda reabrir\u00e1 sus puertas a las familias sonorenses en una primera etapa, gracias al compromiso y gestiones del gobernador Alfonso Durazo Monta\u00f1o, con espacios de entretenimiento musical, convivencia y recreaci\u00f3n.<\/p>\n\n\n\n<p class=\"wp-block-paragraph\">La apertura al p\u00fablico ser\u00e1 a las 14:00 horas de este domingo 23 de marzo. La rehabilitaci\u00f3n de La Sauceda continuar\u00e1 en su segunda etapa a partir del lunes 24, por lo que se recibir\u00e1 a visitantes de viernes a domingo, ya que entre semana seguir\u00e1n los trabajos de remodelaci\u00f3n con maquinaria operando en las distintas \u00e1reas.<\/p>\n\n\n\n<p class=\"wp-block-paragraph\">El jefe del Ejecutivo estatal destac\u00f3 que, en los \u00faltimos meses, se ha efectuado un arduo trabajo para rescatar este espacio que representa parte importante de las ra\u00edces de los hermosillenses y simboliza un cambio en la visi\u00f3n del desarrollo de la ciudad, bajo un esquema de sustentabilidad y el cuidado del medio ambiente, en beneficio de la ciudadan\u00eda.<\/p>\n\n\n\n<p class=\"wp-block-paragraph\">Indic\u00f3 que, en esta primera etapa de rehabilitaci\u00f3n del Bosque Urbano, fueron remodeladas las instalaciones del foro al aire libre, los juegos infantiles, as\u00ed como las zonas arboladas y dem\u00e1s \u00e1reas recreativas.<\/p>\n\n\n\n<p class=\"wp-block-paragraph\">El evento inaugural de este domingo, contar\u00e1 con la participaci\u00f3n de los cantantes hermosillenses, Car\u00edn Le\u00f3n y Kakalo y una gran variedad de artistas para disfrute de los asistentes.<\/p>\n\n\n\n<p class=\"wp-block-paragraph\">Con este compromiso cumplido por parte del gobernador Durazo, La Sauceda se posiciona como un referente en la regi\u00f3n para la recreaci\u00f3n y el entretenimiento, al promover el sano esparcimiento en un entorno seguro y natural.<\/p>\n","protected":false},"excerpt":{"rendered":"<p>A partir de este domingo, el Bosque Urbano La Sauceda reabrir\u00e1 sus puertas a las familias sonorenses en una primera etapa, gracias al compromiso y gestiones del gobernador Alfonso Durazo Monta\u00f1o, con espacios de entretenimiento musical, convivencia y recreaci\u00f3n. La apertura al p\u00fablico ser\u00e1 a las 14:00 horas de este domingo 23 de marzo. La&#8230;<\/p>\n","protected":false},"author":2,"featured_media":65022,"comment_status":"closed","ping_status":"closed","sticky":false,"template":"","format":"standard","meta":{"_crdt_document":"","_exactmetrics_skip_tracking":false,"_exactmetrics_sitenote_active":false,"_exactmetrics_sitenote_note":"","_exactmetrics_sitenote_category":0,"footnotes":""},"categories":[22,26,31,27,84,69],"tags":[71,237,72,74,75,30],"class_list":["post-65021","post","type-post","status-publish","format-standard","has-post-thumbnail","hentry","category-escena","category-local","category-politica","category-sonora","category-turismo","category-ultimas-noticias","tag-alfonso-durazo","tag-bosque-urbano-la-sauceda","tag-claudia-sheinbaum","tag-hermosillo","tag-seguridad-publica","tag-sonora-tierra-de-oportunidades"],"_links":{"self":[{"href":"https:\/\/elpajaritonews.com\/index.php?rest_route=\/wp\/v2\/posts\/65021","targetHints":{"allow":["GET"]}}],"collection":[{"href":"https:\/\/elpajaritonews.com\/index.php?rest_route=\/wp\/v2\/posts"}],"about":[{"href":"https:\/\/elpajaritonews.com\/index.php?rest_route=\/wp\/v2\/types\/post"}],"author":[{"embeddable":true,"href":"https:\/\/elpajaritonews.com\/index.php?rest_route=\/wp\/v2\/users\/2"}],"replies":[{"embeddable":true,"href":"https:\/\/elpajaritonews.com\/index.php?rest_route=%2Fwp%2Fv2%2Fcomments&post=65021"}],"version-history":[{"count":1,"href":"https:\/\/elpajaritonews.com\/index.php?rest_route=\/wp\/v2\/posts\/65021\/revisions"}],"predecessor-version":[{"id":65023,"href":"https:\/\/elpajaritonews.com\/index.php?rest_route=\/wp\/v2\/posts\/65021\/revisions\/65023"}],"wp:featuredmedia":[{"embeddable":true,"href":"https:\/\/elpajaritonews.com\/index.php?rest_route=\/wp\/v2\/media\/65022"}],"wp:attachment":[{"href":"https:\/\/elpajaritonews.com\/index.php?rest_route=%2Fwp%2Fv2%2Fmedia&parent=65021"}],"wp:term":[{"taxonomy":"category","embeddable":true,"href":"https:\/\/elpajaritonews.com\/index.php?rest_route=%2Fwp%2Fv2%2Fcategories&post=65021"},{"taxonomy":"post_tag","embeddable":true,"href":"https:\/\/elpajaritonews.com\/index.php?rest_route=%2Fwp%2Fv2%2Ftags&post=65021"}],"curies":[{"name":"wp","href":"https:\/\/api.w.org\/{rel}","templated":true}]}}