{"id":65077,"date":"2025-03-26T21:45:42","date_gmt":"2025-03-27T04:45:42","guid":{"rendered":"https:\/\/elpajaritonews.com\/?p=65077"},"modified":"2025-03-26T21:45:45","modified_gmt":"2025-03-27T04:45:45","slug":"eu-impondra-aranceles-de-25-a-los-autos-no-fabricados-en-ese-pais-trump","status":"publish","type":"post","link":"https:\/\/elpajaritonews.com\/?p=65077","title":{"rendered":"EU IMPONDR\u00c1 ARANCELES DE 25% A LOS AUTOS NO FABRICADOS EN ESE PA\u00cdS: TRUMP"},"content":{"rendered":"\n<p class=\"wp-block-paragraph\">AUTOPARTES QUE CUMPLAN CON T-MEC EXENTAR\u00c1N ARANCELES POR AHORA: CASA BLANCA<\/p>\n\n\n\n<p class=\"wp-block-paragraph\">El presidente de Estados Unidos, Donald Trump, cumpli\u00f3 una de sus varias amenazas comerciales al imponer un arancel de 25 por ciento adicional a todos los veh\u00edculos que no sean fabricados en su pa\u00eds. Con la medida, adem\u00e1s de promover una reindustrializaci\u00f3n de la econom\u00eda estadunidese, la administraci\u00f3n Trump estima que puede recaudar 100 mil millones de d\u00f3lares s\u00f3lo por las tarifas a veh\u00edculos fabricados fuera de sus fronteras.<\/p>\n\n\n\n<figure class=\"wp-block-embed is-type-video is-provider-youtube wp-block-embed-youtube wp-embed-aspect-16-9 wp-has-aspect-ratio\"><div class=\"wp-block-embed__wrapper\">\n<iframe loading=\"lazy\" title=\"Trump anuncia aranceles a las importaciones de autom\u00f3viles\" width=\"640\" height=\"360\" src=\"https:\/\/www.youtube.com\/embed\/gKtK_e_fyZU?feature=oembed\" frameborder=\"0\" allow=\"accelerometer; autoplay; clipboard-write; encrypted-media; gyroscope; picture-in-picture; web-share\" referrerpolicy=\"strict-origin-when-cross-origin\" allowfullscreen><\/iframe>\n<\/div><\/figure>\n\n\n\n<p class=\"wp-block-paragraph\">En conferencia de prensa en la Casa Blanca, y transmitida por sus canales oficiales, Trump firm\u00f3 una orden ejecutiva en la que se impone un arancel de 25 por ciento a todos los veh\u00edculos que no se fabriquen en territorio estadunidense.<\/p>\n\n\n\n<p class=\"wp-block-paragraph\">Los incentivos fiscales para los compradores de autos el\u00e9ctricos s\u00f3lo aplicar\u00e1n si el veh\u00edculo a comprar es fabricado en Estados Unidos.<\/p>\n\n\n\n<p class=\"wp-block-paragraph\">M\u00e1s tarde en X el subsecretario de prensa principal de la Casa Blanca, Harrison Fields, se\u00f1al\u00f3 que las autopartes que cumplan con el TMEC estar\u00e1n exentas por ahora de los aranceles a las importaciones de autom\u00f3viles.<\/p>\n\n\n\n<p class=\"wp-block-paragraph\">\u201cLas autopartes que cumplen con el TMEC permanecer\u00e1n libres de aranceles hasta que el Secretario de Comercio, en consulta con la Oficina de Aduanas y Protecci\u00f3n Fronteriza de Estados Unidos (CBP), establezca un proceso para aplicar aranceles a su contenido no estadounidense\u201d, se\u00f1al\u00f3.<\/p>\n\n\n\n<p class=\"wp-block-paragraph\">El mandatario sostuvo que la medida tiene el objetivo de promover la reindustrializaci\u00f3n de Estados Unidos. En un primer momento, el que las plantas se ubiquen en ese pa\u00eds y no en Canad\u00e1 o M\u00e9xico, permite dar trabajos en construcci\u00f3n.<\/p>\n\n\n\n<p class=\"wp-block-paragraph\">Una vez construidas las plantas, el objetivo es dar trabajo a trav\u00e9s de la manufactura.<\/p>\n\n\n\n<p class=\"wp-block-paragraph\">Trump consider\u00f3 que este arancel de 25 por ciento, adicional a la base de 2.5 por ciento, en general plantea una medida \u201cmuy modesta\u201d, al tiempo que plantea un \u201ctremendo crecimiento en la industria automotriz\u201d.<\/p>\n\n\n\n<p class=\"wp-block-paragraph\">\u201cNos vemos el 2 de abril\u201d, a\u00f1adi\u00f3. Ese d\u00eda habr\u00e1 un nuevo anuncio sobre los aranceles a aplicar y empezar\u00e1n a cobrar el 3 de abril.<\/p>\n\n\n\n<p class=\"wp-block-paragraph\">Las autopartes que cumplan con el tratado de libre comercio entre Estados Unidos, M\u00e9xico y Canad\u00e1 estar\u00e1n exentas por ahora de los aranceles a las importaciones de autom\u00f3viles anunciados por el presidente Donald Trump el mi\u00e9rcoles, dijo un portavoz de la Casa Blanca.<\/p>\n\n\n\n<p class=\"wp-block-paragraph\">\u00abLas autopartes que cumplen con el T-MEC permanecer\u00e1n libres de aranceles hasta que el Secretario de Comercio, en consulta con la Oficina de Aduanas y Protecci\u00f3n Fronteriza de Estados Unidos (CBP), establezca un proceso para aplicar aranceles a su contenido no estadunidense\u00bb, dijo el subsecretario de prensa principal de la Casa Blanca, Harrison Fields, en X.<\/p>\n","protected":false},"excerpt":{"rendered":"<p>AUTOPARTES QUE CUMPLAN CON T-MEC EXENTAR\u00c1N ARANCELES POR AHORA: CASA BLANCA El presidente de Estados Unidos, Donald Trump, cumpli\u00f3 una de sus varias amenazas comerciales al imponer un arancel de 25 por ciento adicional a todos los veh\u00edculos que no sean fabricados en su pa\u00eds. Con la medida, adem\u00e1s de promover una reindustrializaci\u00f3n de la&#8230;<\/p>\n","protected":false},"author":2,"featured_media":65078,"comment_status":"closed","ping_status":"closed","sticky":false,"template":"","format":"standard","meta":{"_crdt_document":"","_exactmetrics_skip_tracking":false,"_exactmetrics_sitenote_active":false,"_exactmetrics_sitenote_note":"","_exactmetrics_sitenote_category":0,"footnotes":""},"categories":[17,36,89,26,23,31,27,69,65],"tags":[71,138,140,72,74,28,142,93],"class_list":["post-65077","post","type-post","status-publish","format-standard","has-post-thumbnail","hentry","category-arizona","category-economia","category-estados-unidos","category-local","category-mexico","category-politica","category-sonora","category-ultimas-noticias","category-videos","tag-alfonso-durazo","tag-aranceles","tag-casa-blanca","tag-claudia-sheinbaum","tag-hermosillo","tag-nogales","tag-t-mec","tag-trump"],"_links":{"self":[{"href":"https:\/\/elpajaritonews.com\/index.php?rest_route=\/wp\/v2\/posts\/65077","targetHints":{"allow":["GET"]}}],"collection":[{"href":"https:\/\/elpajaritonews.com\/index.php?rest_route=\/wp\/v2\/posts"}],"about":[{"href":"https:\/\/elpajaritonews.com\/index.php?rest_route=\/wp\/v2\/types\/post"}],"author":[{"embeddable":true,"href":"https:\/\/elpajaritonews.com\/index.php?rest_route=\/wp\/v2\/users\/2"}],"replies":[{"embeddable":true,"href":"https:\/\/elpajaritonews.com\/index.php?rest_route=%2Fwp%2Fv2%2Fcomments&post=65077"}],"version-history":[{"count":2,"href":"https:\/\/elpajaritonews.com\/index.php?rest_route=\/wp\/v2\/posts\/65077\/revisions"}],"predecessor-version":[{"id":65080,"href":"https:\/\/elpajaritonews.com\/index.php?rest_route=\/wp\/v2\/posts\/65077\/revisions\/65080"}],"wp:featuredmedia":[{"embeddable":true,"href":"https:\/\/elpajaritonews.com\/index.php?rest_route=\/wp\/v2\/media\/65078"}],"wp:attachment":[{"href":"https:\/\/elpajaritonews.com\/index.php?rest_route=%2Fwp%2Fv2%2Fmedia&parent=65077"}],"wp:term":[{"taxonomy":"category","embeddable":true,"href":"https:\/\/elpajaritonews.com\/index.php?rest_route=%2Fwp%2Fv2%2Fcategories&post=65077"},{"taxonomy":"post_tag","embeddable":true,"href":"https:\/\/elpajaritonews.com\/index.php?rest_route=%2Fwp%2Fv2%2Ftags&post=65077"}],"curies":[{"name":"wp","href":"https:\/\/api.w.org\/{rel}","templated":true}]}}