{"id":65093,"date":"2025-03-27T16:59:55","date_gmt":"2025-03-27T23:59:55","guid":{"rendered":"https:\/\/elpajaritonews.com\/?p=65093"},"modified":"2025-03-27T16:59:57","modified_gmt":"2025-03-27T23:59:57","slug":"fortalece-gobierno-de-sonora-estrategias-para-garantizar-que-las-escuelas-sean-entornos-seguros-froylan-gamez","status":"publish","type":"post","link":"https:\/\/elpajaritonews.com\/?p=65093","title":{"rendered":"FORTALECE GOBIERNO DE SONORA ESTRATEGIAS PARA GARANTIZAR QUE LAS ESCUELAS SEAN ENTORNOS SEGUROS: FROYL\u00c1N G\u00c1MEZ"},"content":{"rendered":"\n<p class=\"wp-block-paragraph\">Con la capacitaci\u00f3n de jefes de sector, supervisores escolares, directivos y docentes de educaci\u00f3n b\u00e1sica en temas de prevenci\u00f3n de la violencia y el acoso escolar, el Gobierno de Sonora refuerza de forma permanente las acciones para garantizar que las escuelas sean entornos seguros, destac\u00f3 Froyl\u00e1n G\u00e1mez Gamboa.<\/p>\n\n\n\n<p class=\"wp-block-paragraph\">El titular de la Secretar\u00eda de Educaci\u00f3n y Cultura indic\u00f3 que, de manera paralela a las estrategias que ya implementa la dependencia en diversos planteles, se impartir\u00e1 un curso integral con enfoque en derechos humanos, para prevenir, identificar y atender cualquier forma de violencia escolar.<\/p>\n\n\n\n<p class=\"wp-block-paragraph\">Dicho curso tendr\u00e1 una duraci\u00f3n de cuatro horas y se impartir\u00e1 tres veces por semana, lo que permitir\u00e1 a los participantes reconocer y comprender el derecho de ni\u00f1as, ni\u00f1os y adolescentes a una educaci\u00f3n libre de violencia y con protecci\u00f3n integral.<\/p>\n\n\n\n<p class=\"wp-block-paragraph\">Adem\u00e1s, el colectivo docente podr\u00e1 conocer y aplicar correctamente los protocolos y lineamientos establecidos por las autoridades estatales y nacionales para actuar ante situaciones de violencia escolar, as\u00ed como analizar casos pr\u00e1cticos que permitan reflexionar, cuestionar y afinar mecanismos de respuesta.<\/p>\n\n\n\n<p class=\"wp-block-paragraph\">G\u00e1mez Gamboa detall\u00f3 que el curso fue desarrollado en coordinaci\u00f3n con la Comisi\u00f3n Estatal de Derechos Humanos de Sonora (CEDH) y comenzar\u00e1 el viernes 28 de marzo, para finalizar antes del 11 de julio.<\/p>\n","protected":false},"excerpt":{"rendered":"<p>Con la capacitaci\u00f3n de jefes de sector, supervisores escolares, directivos y docentes de educaci\u00f3n b\u00e1sica en temas de prevenci\u00f3n de la violencia y el acoso escolar, el Gobierno de Sonora refuerza de forma permanente las acciones para garantizar que las escuelas sean entornos seguros, destac\u00f3 Froyl\u00e1n G\u00e1mez Gamboa. El titular de la Secretar\u00eda de Educaci\u00f3n&#8230;<\/p>\n","protected":false},"author":2,"featured_media":65094,"comment_status":"closed","ping_status":"closed","sticky":false,"template":"","format":"standard","meta":{"_crdt_document":"","_exactmetrics_skip_tracking":false,"_exactmetrics_sitenote_active":false,"_exactmetrics_sitenote_note":"","_exactmetrics_sitenote_category":0,"footnotes":""},"categories":[80,33,26,31,27,69],"tags":[71,74,28,75,30],"class_list":["post-65093","post","type-post","status-publish","format-standard","has-post-thumbnail","hentry","category-derechos-humanos","category-educacion","category-local","category-politica","category-sonora","category-ultimas-noticias","tag-alfonso-durazo","tag-hermosillo","tag-nogales","tag-seguridad-publica","tag-sonora-tierra-de-oportunidades"],"_links":{"self":[{"href":"https:\/\/elpajaritonews.com\/index.php?rest_route=\/wp\/v2\/posts\/65093","targetHints":{"allow":["GET"]}}],"collection":[{"href":"https:\/\/elpajaritonews.com\/index.php?rest_route=\/wp\/v2\/posts"}],"about":[{"href":"https:\/\/elpajaritonews.com\/index.php?rest_route=\/wp\/v2\/types\/post"}],"author":[{"embeddable":true,"href":"https:\/\/elpajaritonews.com\/index.php?rest_route=\/wp\/v2\/users\/2"}],"replies":[{"embeddable":true,"href":"https:\/\/elpajaritonews.com\/index.php?rest_route=%2Fwp%2Fv2%2Fcomments&post=65093"}],"version-history":[{"count":2,"href":"https:\/\/elpajaritonews.com\/index.php?rest_route=\/wp\/v2\/posts\/65093\/revisions"}],"predecessor-version":[{"id":65096,"href":"https:\/\/elpajaritonews.com\/index.php?rest_route=\/wp\/v2\/posts\/65093\/revisions\/65096"}],"wp:featuredmedia":[{"embeddable":true,"href":"https:\/\/elpajaritonews.com\/index.php?rest_route=\/wp\/v2\/media\/65094"}],"wp:attachment":[{"href":"https:\/\/elpajaritonews.com\/index.php?rest_route=%2Fwp%2Fv2%2Fmedia&parent=65093"}],"wp:term":[{"taxonomy":"category","embeddable":true,"href":"https:\/\/elpajaritonews.com\/index.php?rest_route=%2Fwp%2Fv2%2Fcategories&post=65093"},{"taxonomy":"post_tag","embeddable":true,"href":"https:\/\/elpajaritonews.com\/index.php?rest_route=%2Fwp%2Fv2%2Ftags&post=65093"}],"curies":[{"name":"wp","href":"https:\/\/api.w.org\/{rel}","templated":true}]}}