{"id":65097,"date":"2025-03-27T17:30:59","date_gmt":"2025-03-28T00:30:59","guid":{"rendered":"https:\/\/elpajaritonews.com\/?p=65097"},"modified":"2025-03-27T21:24:55","modified_gmt":"2025-03-28T04:24:55","slug":"gobernador-durazo-fortalece-dialogo-y-cooperacion-entre-sonora-y-arizona-en-beneficio-de-la-mesorregion-paulina-ocana","status":"publish","type":"post","link":"https:\/\/elpajaritonews.com\/?p=65097","title":{"rendered":"GOBERNADOR DURAZO FORTALECE DI\u00c1LOGO Y COOPERACI\u00d3N ENTRE SONORA Y ARIZONA EN BENEFICIO DE LA MEGARREGI\u00d3N: PAULINA OCA\u00d1A"},"content":{"rendered":"\n<p class=\"wp-block-paragraph\">&#8211; Encabeza la Jefa de la Oficina del Ejecutivo la Reuni\u00f3n Inter Plenaria de la Comisi\u00f3n Sonora-Estados Unidos.<\/p>\n\n\n\n<p class=\"wp-block-paragraph\">La frontera, m\u00e1s all\u00e1 de dividir un territorio, representa una oportunidad para aprovechar las potencialidades de dos naciones, asever\u00f3 Paulina Oca\u00f1a, jefa de la Oficina del Ejecutivo Estatal, en representaci\u00f3n del gobernador Alfonso Durazo Monta\u00f1o en la reuni\u00f3n interplenaria de la Comisi\u00f3n Sonora-Estados Unidos.<\/p>\n\n\n\n<p class=\"wp-block-paragraph\">La funcionaria estatal mencion\u00f3 que, la visi\u00f3n conjunta del gobernador Alfonso Durazo Monta\u00f1o y la gobernadora de Arizona, Katie Hobbs, es hacer de la relaci\u00f3n entre ambos estados un ejemplo de convivencia y productividad entre vecinos, socios y amigos, fortaleciendo as\u00ed la megarregi\u00f3n que se conform\u00f3, a trav\u00e9s de la Comisi\u00f3n Sonora-Estados Unidos.<\/p>\n\n\n\n<figure class=\"wp-block-image size-large\"><img loading=\"lazy\" decoding=\"async\" width=\"1024\" height=\"681\" src=\"https:\/\/elpajaritonews.com\/wp-content\/uploads\/2025\/03\/ecd1e093-e1d6-455e-b176-95bf2d52012a-1024x681.jpg\" alt=\"\" class=\"wp-image-65099\" srcset=\"https:\/\/elpajaritonews.com\/wp-content\/uploads\/2025\/03\/ecd1e093-e1d6-455e-b176-95bf2d52012a-1024x681.jpg 1024w, https:\/\/elpajaritonews.com\/wp-content\/uploads\/2025\/03\/ecd1e093-e1d6-455e-b176-95bf2d52012a-300x200.jpg 300w, https:\/\/elpajaritonews.com\/wp-content\/uploads\/2025\/03\/ecd1e093-e1d6-455e-b176-95bf2d52012a-768x511.jpg 768w, https:\/\/elpajaritonews.com\/wp-content\/uploads\/2025\/03\/ecd1e093-e1d6-455e-b176-95bf2d52012a-1536x1021.jpg 1536w, https:\/\/elpajaritonews.com\/wp-content\/uploads\/2025\/03\/ecd1e093-e1d6-455e-b176-95bf2d52012a-600x400.jpg 600w, https:\/\/elpajaritonews.com\/wp-content\/uploads\/2025\/03\/ecd1e093-e1d6-455e-b176-95bf2d52012a.jpg 1600w\" sizes=\"auto, (max-width: 1024px) 100vw, 1024px\" \/><\/figure>\n\n\n\n<p class=\"wp-block-paragraph\">Oca\u00f1a Encinas a\u00f1adi\u00f3 que esta reuni\u00f3n interplenaria representa avances significativos para llegar a una agenda de propuestas trascendentales para la siguiente reuni\u00f3n plenaria, donde se trabaja en los comit\u00e9s de Desarrollo Econ\u00f3mico, Agronegocios, Educaci\u00f3n de Calidad, Energ\u00eda Sostenible, Administraci\u00f3n de Emergencias, Infraestructura y Log\u00edstica, Salud y Bienestar, Agua y Medio Ambiente, Seguridad P\u00fablica y Bienes Ra\u00edces.<\/p>\n\n\n\n<p class=\"wp-block-paragraph\">\u201cAqu\u00ed nos encontramos personas que sabemos que la zona fronteriza puede ser complicada en momentos, pero tambi\u00e9n que es un inagotable espacio de oportunidades por igual para quienes habitamos del lado mexicano y estadounidense. Siempre me da gusto participar en este trabajo de entendimiento y cooperaci\u00f3n entre pares de ambos pa\u00edses y estados, porque es un espacio donde pueden encontrar tierra f\u00e9rtil y las iniciativas para mejorar el entorno, y el intercambio transfronterizo\u201d, indic\u00f3.<\/p>\n\n\n\n<p class=\"wp-block-paragraph\">Marisol Flores, directora de asuntos del sur de Arizona y M\u00e9xico, mencion\u00f3 que esta reuni\u00f3n interplenaria pone sobre la mesa la agenda de retos a sortear en el transcurso de este a\u00f1o de trabajo, ponderando siempre la cooperaci\u00f3n entre entidades de ambos lados de la frontera.<\/p>\n\n\n\n<p class=\"wp-block-paragraph\">En esta reuni\u00f3n interplenaria se cont\u00f3 con la participaci\u00f3n de Michelle Ward, c\u00f3nsul general de Estados Unidos en Nogales; Juan Francisco Gim, presidente municipal de Nogales; Eva Masadiego, directora ejecutiva de la Comisi\u00f3n Arizona-M\u00e9xico; Mar\u00eda Elena Gallego Lechuga, coordinadora del Comit\u00e9 de Desarrollo Econ\u00f3mico y Promoci\u00f3n Global del gobierno federal; y Gerardo Valenzuela Buelna, coordinador ejecutivo de Enlace Internacional del Gobierno de Sonora.<\/p>\n","protected":false},"excerpt":{"rendered":"<p>&#8211; Encabeza la Jefa de la Oficina del Ejecutivo la Reuni\u00f3n Inter Plenaria de la Comisi\u00f3n Sonora-Estados Unidos. La frontera, m\u00e1s all\u00e1 de dividir un territorio, representa una oportunidad para aprovechar las potencialidades de dos naciones, asever\u00f3 Paulina Oca\u00f1a, jefa de la Oficina del Ejecutivo Estatal, en representaci\u00f3n del gobernador Alfonso Durazo Monta\u00f1o en la&#8230;<\/p>\n","protected":false},"author":2,"featured_media":65098,"comment_status":"closed","ping_status":"closed","sticky":false,"template":"","format":"standard","meta":{"_crdt_document":"","_exactmetrics_skip_tracking":false,"_exactmetrics_sitenote_active":false,"_exactmetrics_sitenote_note":"","_exactmetrics_sitenote_category":0,"footnotes":""},"categories":[17,36,89,23,31,1,27,84,69],"tags":[71,136,251,111,76,28,189,75,30],"class_list":["post-65097","post","type-post","status-publish","format-standard","has-post-thumbnail","hentry","category-arizona","category-economia","category-estados-unidos","category-mexico","category-politica","category-seguridad","category-sonora","category-turismo","category-ultimas-noticias","tag-alfonso-durazo","tag-arizona-2","tag-comision-sonora-estados-unidos","tag-katie-hobbs","tag-medio-ambiente","tag-nogales","tag-paulina-ocana","tag-seguridad-publica","tag-sonora-tierra-de-oportunidades"],"_links":{"self":[{"href":"https:\/\/elpajaritonews.com\/index.php?rest_route=\/wp\/v2\/posts\/65097","targetHints":{"allow":["GET"]}}],"collection":[{"href":"https:\/\/elpajaritonews.com\/index.php?rest_route=\/wp\/v2\/posts"}],"about":[{"href":"https:\/\/elpajaritonews.com\/index.php?rest_route=\/wp\/v2\/types\/post"}],"author":[{"embeddable":true,"href":"https:\/\/elpajaritonews.com\/index.php?rest_route=\/wp\/v2\/users\/2"}],"replies":[{"embeddable":true,"href":"https:\/\/elpajaritonews.com\/index.php?rest_route=%2Fwp%2Fv2%2Fcomments&post=65097"}],"version-history":[{"count":2,"href":"https:\/\/elpajaritonews.com\/index.php?rest_route=\/wp\/v2\/posts\/65097\/revisions"}],"predecessor-version":[{"id":65101,"href":"https:\/\/elpajaritonews.com\/index.php?rest_route=\/wp\/v2\/posts\/65097\/revisions\/65101"}],"wp:featuredmedia":[{"embeddable":true,"href":"https:\/\/elpajaritonews.com\/index.php?rest_route=\/wp\/v2\/media\/65098"}],"wp:attachment":[{"href":"https:\/\/elpajaritonews.com\/index.php?rest_route=%2Fwp%2Fv2%2Fmedia&parent=65097"}],"wp:term":[{"taxonomy":"category","embeddable":true,"href":"https:\/\/elpajaritonews.com\/index.php?rest_route=%2Fwp%2Fv2%2Fcategories&post=65097"},{"taxonomy":"post_tag","embeddable":true,"href":"https:\/\/elpajaritonews.com\/index.php?rest_route=%2Fwp%2Fv2%2Ftags&post=65097"}],"curies":[{"name":"wp","href":"https:\/\/api.w.org\/{rel}","templated":true}]}}