{"id":65103,"date":"2025-03-27T23:01:19","date_gmt":"2025-03-28T06:01:19","guid":{"rendered":"https:\/\/elpajaritonews.com\/?p=65103"},"modified":"2025-03-27T23:01:21","modified_gmt":"2025-03-28T06:01:21","slug":"el-tiempo-de-la-cooperacion-estrecha-con-eu-se-termino-canada","status":"publish","type":"post","link":"https:\/\/elpajaritonews.com\/?p=65103","title":{"rendered":"EL TIEMPO DE LA COOPERACI\u00d3N ESTRECHA CON EU \u00abSE TERMIN\u00d3\u00bb: CANAD\u00c1"},"content":{"rendered":"\n<p class=\"wp-block-paragraph\">El nuevo primer ministro canadiense, Mark Carney, anunci\u00f3 este jueves que hablar\u00e1 con el presidente de Estados Unidos, Donald Trump, en \u00abun d\u00eda o dos\u00bb por pedido del mandatario estadunidense y se\u00f1al\u00f3 que su vecino ya no es un \u00absocio confiable\u00bb.<\/p>\n\n\n\n<p class=\"wp-block-paragraph\">\u00abLa vieja relaci\u00f3n que ten\u00edamos con Estados Unidos, basada en la integraci\u00f3n profunda de nuestras econom\u00edas y en una cooperaci\u00f3n estrecha en materia de seguridad y defensa, se termin\u00f3\u00bb, afirm\u00f3 Carney en conferencia de prensa.<\/p>\n\n\n\n<figure class=\"wp-block-embed is-type-video is-provider-youtube wp-block-embed-youtube wp-embed-aspect-16-9 wp-has-aspect-ratio\"><div class=\"wp-block-embed__wrapper\">\n<iframe loading=\"lazy\" title=\"Carney says Trump &quot;reached out&quot; after announcing auto tariffs on Canada | FULL\" width=\"640\" height=\"360\" src=\"https:\/\/www.youtube.com\/embed\/jb6XucUWH_U?feature=oembed\" frameborder=\"0\" allow=\"accelerometer; autoplay; clipboard-write; encrypted-media; gyroscope; picture-in-picture; web-share\" referrerpolicy=\"strict-origin-when-cross-origin\" allowfullscreen><\/iframe>\n<\/div><\/figure>\n","protected":false},"excerpt":{"rendered":"<p>El nuevo primer ministro canadiense, Mark Carney, anunci\u00f3 este jueves que hablar\u00e1 con el presidente de Estados Unidos, Donald Trump, en \u00abun d\u00eda o dos\u00bb por pedido del mandatario estadunidense y se\u00f1al\u00f3 que su vecino ya no es un \u00absocio confiable\u00bb. \u00abLa vieja relaci\u00f3n que ten\u00edamos con Estados Unidos, basada en la integraci\u00f3n profunda de&#8230;<\/p>\n","protected":false},"author":2,"featured_media":65104,"comment_status":"closed","ping_status":"closed","sticky":false,"template":"","format":"standard","meta":{"_crdt_document":"","_exactmetrics_skip_tracking":false,"_exactmetrics_sitenote_active":false,"_exactmetrics_sitenote_note":"","_exactmetrics_sitenote_category":0,"footnotes":""},"categories":[17,36,89,24,31,69,65],"tags":[252,86,87,253],"class_list":["post-65103","post","type-post","status-publish","format-standard","has-post-thumbnail","hentry","category-arizona","category-economia","category-estados-unidos","category-mundo","category-politica","category-ultimas-noticias","category-videos","tag-canada-2","tag-donald-trump","tag-estados-unidos","tag-mark-carney"],"_links":{"self":[{"href":"https:\/\/elpajaritonews.com\/index.php?rest_route=\/wp\/v2\/posts\/65103","targetHints":{"allow":["GET"]}}],"collection":[{"href":"https:\/\/elpajaritonews.com\/index.php?rest_route=\/wp\/v2\/posts"}],"about":[{"href":"https:\/\/elpajaritonews.com\/index.php?rest_route=\/wp\/v2\/types\/post"}],"author":[{"embeddable":true,"href":"https:\/\/elpajaritonews.com\/index.php?rest_route=\/wp\/v2\/users\/2"}],"replies":[{"embeddable":true,"href":"https:\/\/elpajaritonews.com\/index.php?rest_route=%2Fwp%2Fv2%2Fcomments&post=65103"}],"version-history":[{"count":1,"href":"https:\/\/elpajaritonews.com\/index.php?rest_route=\/wp\/v2\/posts\/65103\/revisions"}],"predecessor-version":[{"id":65105,"href":"https:\/\/elpajaritonews.com\/index.php?rest_route=\/wp\/v2\/posts\/65103\/revisions\/65105"}],"wp:featuredmedia":[{"embeddable":true,"href":"https:\/\/elpajaritonews.com\/index.php?rest_route=\/wp\/v2\/media\/65104"}],"wp:attachment":[{"href":"https:\/\/elpajaritonews.com\/index.php?rest_route=%2Fwp%2Fv2%2Fmedia&parent=65103"}],"wp:term":[{"taxonomy":"category","embeddable":true,"href":"https:\/\/elpajaritonews.com\/index.php?rest_route=%2Fwp%2Fv2%2Fcategories&post=65103"},{"taxonomy":"post_tag","embeddable":true,"href":"https:\/\/elpajaritonews.com\/index.php?rest_route=%2Fwp%2Fv2%2Ftags&post=65103"}],"curies":[{"name":"wp","href":"https:\/\/api.w.org\/{rel}","templated":true}]}}