{"id":65162,"date":"2025-04-01T19:22:49","date_gmt":"2025-04-02T02:22:49","guid":{"rendered":"https:\/\/elpajaritonews.com\/?p=65162"},"modified":"2025-04-01T19:22:51","modified_gmt":"2025-04-02T02:22:51","slug":"impulsa-congreso-de-sonora-reformas-en-materia-de-transito-educacion-derechos-infantiles-y-transparencia-legislativa","status":"publish","type":"post","link":"https:\/\/elpajaritonews.com\/?p=65162","title":{"rendered":"IMPULSA CONGRESO DE SONORA REFORMAS EN MATERIA DE TR\u00c1NSITO, EDUCACI\u00d3N, DERECHOS INFANTILES Y TRANSPARENCIA LEGISLATIVA"},"content":{"rendered":"\n<p class=\"wp-block-paragraph\">\u2022 Guarda un minuto de silencio en honor a Casimiro Navarro Valenzuela, exalcalde de Hermosillo, por su fallecimiento.<\/p>\n\n\n\n<p class=\"wp-block-paragraph\">En sesi\u00f3n ordinaria, diputadas y diputados de la 64 Legislatura presentaron ante el Pleno iniciativas para fortalecer el marco normativo en materia de tr\u00e1nsito, educaci\u00f3n, derechos de la infancia, transparencia legislativa e inclusi\u00f3n social. Asimismo, emitieron posicionamientos en el marco del D\u00eda Internacional de las Trabajadoras del Hogar, el D\u00eda Mundial de Concienciaci\u00f3n sobre el Autismo y el D\u00eda de las Ni\u00f1as y los Ni\u00f1os.<\/p>\n\n\n\n<figure class=\"wp-block-embed is-type-video is-provider-youtube wp-block-embed-youtube wp-embed-aspect-16-9 wp-has-aspect-ratio\"><div class=\"wp-block-embed__wrapper\">\n<iframe loading=\"lazy\" title=\"1 de Abril - Sesi\u00f3n Ordinaria\" width=\"640\" height=\"360\" src=\"https:\/\/www.youtube.com\/embed\/oCbj3KImxpk?feature=oembed\" frameborder=\"0\" allow=\"accelerometer; autoplay; clipboard-write; encrypted-media; gyroscope; picture-in-picture; web-share\" referrerpolicy=\"strict-origin-when-cross-origin\" allowfullscreen><\/iframe>\n<\/div><\/figure>\n\n\n\n<p class=\"wp-block-paragraph\">El diputado Ra\u00fal Gonz\u00e1lez De la Vega, en conjunto con el diputado H\u00e9ctor Ra\u00fal Castelo Monta\u00f1o (Morena), present\u00f3 ante el Pleno una iniciativa para hacer obligatorio el seguro vehicular b\u00e1sico, con el objetivo de proteger a las personas involucradas en accidentes de tr\u00e1nsito, agilizar la resoluci\u00f3n de conflictos y trasladar los costos al sector asegurador, aliviando as\u00ed la carga financiera del Estado.<\/p>\n\n\n\n<p class=\"wp-block-paragraph\">La diputada Jazm\u00edn Guadalupe G\u00f3mez Liz\u00e1rraga (PT) propuso una reforma para elevar a rango constitucional el programa Becaterapias, con el prop\u00f3sito de garantizar su permanencia como un derecho fundamental. La iniciativa busca aliviar la carga econ\u00f3mica de las familias con integrantes que tienen discapacidad y promover su plena inclusi\u00f3n en la sociedad.<\/p>\n\n\n\n<p class=\"wp-block-paragraph\">En materia educativa, el diputado Ferm\u00edn Trujillo Fuentes, en representaci\u00f3n del Grupo Parlamentario de Nueva Alianza Sonora, present\u00f3 una iniciativa para reformar la Ley de Educaci\u00f3n e incluir la escritura asertiva en el programa de educaci\u00f3n b\u00e1sica. El objetivo es fortalecer el bienestar emocional de las y los estudiantes, desarrollar sus habilidades expresivas y prevenir problemas psicosom\u00e1ticos.<\/p>\n\n\n\n<p class=\"wp-block-paragraph\">Por su parte, el diputado Jes\u00fas Manuel Scott S\u00e1nchez, en representaci\u00f3n de Movimiento Ciudadano (MC), propuso una reforma a la Ley de los Derechos de Ni\u00f1as, Ni\u00f1os y Adolescentes, a fin de asegurar la asignaci\u00f3n obligatoria de recursos en los presupuestos estatales y municipales destinados a programas de protecci\u00f3n infantil.<\/p>\n\n\n\n<p class=\"wp-block-paragraph\">En busca de fortalecer la transparencia y la participaci\u00f3n legislativa, el diputado Juan Pablo Arenivar Mart\u00ednez (PAN) present\u00f3 una iniciativa de reforma a la Ley Org\u00e1nica del Poder Legislativo, relacionada con la presentaci\u00f3n de proyectos de ley, el registro electr\u00f3nico de votaciones y la publicaci\u00f3n de resultados legislativos en un micrositio especializado.<\/p>\n\n\n\n<p class=\"wp-block-paragraph\">En tribuna, la diputada Mar\u00eda Alicia Gayt\u00e1n S\u00e1nchez (Morena) se pronunci\u00f3 en el marco del D\u00eda Internacional de las Trabajadoras del Hogar, donde destac\u00f3 la lucha por sus derechos laborales, el acceso a la seguridad social y el reconocimiento de su trabajo digno.<\/p>\n\n\n\n<p class=\"wp-block-paragraph\">Con motivo del D\u00eda Mundial de Concienciaci\u00f3n sobre el Autismo, el diputado Omar Francisco Del Valle Colosio (PVEM) reafirm\u00f3 el compromiso del Congreso de Sonora con la inclusi\u00f3n y el bienestar de las personas con Trastorno del Espectro Autista (TEA). Subray\u00f3 la necesidad de fortalecer las pol\u00edticas p\u00fablicas y garantizar sus derechos a trav\u00e9s de un enfoque integral y acciones concretas.<\/p>\n\n\n\n<p class=\"wp-block-paragraph\">Antes de concluir la sesi\u00f3n, en el marco del D\u00eda de las Ni\u00f1as y los Ni\u00f1os, la diputada Ana Gabriela Tapia Fonllem (PRD) inst\u00f3 a proteger los derechos de la ni\u00f1ez migrante, garantizando su acceso a la educaci\u00f3n, la salud y la seguridad mediante reformas y colaboraci\u00f3n interinstitucional.<\/p>\n\n\n\n<p class=\"wp-block-paragraph\">Comisi\u00f3n del Deporte desecha asuntos de la pasada Legislatura<\/p>\n\n\n\n<figure class=\"wp-block-embed is-type-video is-provider-youtube wp-block-embed-youtube wp-embed-aspect-16-9 wp-has-aspect-ratio\"><div class=\"wp-block-embed__wrapper\">\n<iframe loading=\"lazy\" title=\"1 de Abril - Comisi\u00f3n del Deporte\" width=\"640\" height=\"360\" src=\"https:\/\/www.youtube.com\/embed\/2c-RLgk93Yw?feature=oembed\" frameborder=\"0\" allow=\"accelerometer; autoplay; clipboard-write; encrypted-media; gyroscope; picture-in-picture; web-share\" referrerpolicy=\"strict-origin-when-cross-origin\" allowfullscreen><\/iframe>\n<\/div><\/figure>\n\n\n\n<p class=\"wp-block-paragraph\">Previo a la sesi\u00f3n ordinaria, integrantes de la Comisi\u00f3n del Deporte aprobaron desechar diversos asuntos turnados a esta comisi\u00f3n durante la pasada Legislatura. En la reuni\u00f3n, la diputada Marcela Valenzuela Nev\u00e1rez (Morena) present\u00f3 a la legisladora Azalia Guevara Espinoza (PVEM) y a los diputados Jes\u00fas Tadeo Medieval Valenzuela (Morena) y Julio Navarro Contreras (Morena) las iniciativas que, debido a su caducidad legislativa, ya no cumpl\u00edan con los requisitos para continuar con su proceso.<\/p>\n\n\n\n<p class=\"wp-block-paragraph\">La Mesa Directiva cit\u00f3 la siguiente sesi\u00f3n ordinaria para el jueves 3 de abril a las 10:00 horas.<\/p>\n\n\n\n<p class=\"wp-block-paragraph\"><\/p>\n","protected":false},"excerpt":{"rendered":"<p>\u2022 Guarda un minuto de silencio en honor a Casimiro Navarro Valenzuela, exalcalde de Hermosillo, por su fallecimiento. En sesi\u00f3n ordinaria, diputadas y diputados de la 64 Legislatura presentaron ante el Pleno iniciativas para fortalecer el marco normativo en materia de tr\u00e1nsito, educaci\u00f3n, derechos de la infancia, transparencia legislativa e inclusi\u00f3n social. Asimismo, emitieron posicionamientos&#8230;<\/p>\n","protected":false},"author":2,"featured_media":65163,"comment_status":"closed","ping_status":"closed","sticky":false,"template":"","format":"standard","meta":{"_crdt_document":"","_exactmetrics_skip_tracking":false,"_exactmetrics_sitenote_active":false,"_exactmetrics_sitenote_note":"","_exactmetrics_sitenote_category":0,"footnotes":""},"categories":[20,31,27,69,65],"tags":[73],"class_list":["post-65162","post","type-post","status-publish","format-standard","has-post-thumbnail","hentry","category-congreso","category-politica","category-sonora","category-ultimas-noticias","category-videos","tag-congreso-del-estado-de-sonora"],"_links":{"self":[{"href":"https:\/\/elpajaritonews.com\/index.php?rest_route=\/wp\/v2\/posts\/65162","targetHints":{"allow":["GET"]}}],"collection":[{"href":"https:\/\/elpajaritonews.com\/index.php?rest_route=\/wp\/v2\/posts"}],"about":[{"href":"https:\/\/elpajaritonews.com\/index.php?rest_route=\/wp\/v2\/types\/post"}],"author":[{"embeddable":true,"href":"https:\/\/elpajaritonews.com\/index.php?rest_route=\/wp\/v2\/users\/2"}],"replies":[{"embeddable":true,"href":"https:\/\/elpajaritonews.com\/index.php?rest_route=%2Fwp%2Fv2%2Fcomments&post=65162"}],"version-history":[{"count":2,"href":"https:\/\/elpajaritonews.com\/index.php?rest_route=\/wp\/v2\/posts\/65162\/revisions"}],"predecessor-version":[{"id":65165,"href":"https:\/\/elpajaritonews.com\/index.php?rest_route=\/wp\/v2\/posts\/65162\/revisions\/65165"}],"wp:featuredmedia":[{"embeddable":true,"href":"https:\/\/elpajaritonews.com\/index.php?rest_route=\/wp\/v2\/media\/65163"}],"wp:attachment":[{"href":"https:\/\/elpajaritonews.com\/index.php?rest_route=%2Fwp%2Fv2%2Fmedia&parent=65162"}],"wp:term":[{"taxonomy":"category","embeddable":true,"href":"https:\/\/elpajaritonews.com\/index.php?rest_route=%2Fwp%2Fv2%2Fcategories&post=65162"},{"taxonomy":"post_tag","embeddable":true,"href":"https:\/\/elpajaritonews.com\/index.php?rest_route=%2Fwp%2Fv2%2Ftags&post=65162"}],"curies":[{"name":"wp","href":"https:\/\/api.w.org\/{rel}","templated":true}]}}