{"id":65167,"date":"2025-04-02T00:27:55","date_gmt":"2025-04-02T07:27:55","guid":{"rendered":"https:\/\/elpajaritonews.com\/?p=65167"},"modified":"2025-04-02T00:27:57","modified_gmt":"2025-04-02T07:27:57","slug":"aranceles-de-trump-contra-mexico-y-canada-de-que-hablaron-sheinbaum-y-mark-carney","status":"publish","type":"post","link":"https:\/\/elpajaritonews.com\/?p=65167","title":{"rendered":"ARANCELES DE TRUMP CONTRA M\u00c9XICO Y CANAD\u00c1: \u00bfDE QU\u00c9 HABLARON SHEINBAUM Y MARK CARNEY?"},"content":{"rendered":"\n<p class=\"wp-block-paragraph\">Ante los aranceles de Trump, Sheinbaum y Carney \u201cacordaron mantener el di\u00e1logo y coincidieron en la importancia de la integraci\u00f3n econ\u00f3mica de Norteam\u00e9rica\u00bb.<\/p>\n\n\n\n<p class=\"wp-block-paragraph\">La presidenta de M\u00e9xico, Claudia Sheinbaum, y el primer ministro canadiense, Mark Carney, conversaron este martes v\u00eda telef\u00f3nica, sobre el plan que tiene este \u00faltimo pa\u00eds para \u201ccombatir las medidas comerciales injustificadas\u201d, en referencia a los aranceles que ha impuesto el gobierno de Donald Trump a importaciones como el acero, aluminio y a los autom\u00f3viles.<\/p>\n\n\n\n<p class=\"wp-block-paragraph\">\u201cCon los tiempos dif\u00edciles que se avecinan, el primer ministro Carney y la presidenta Sheinbaum enfatizaron la importancia de salvaguardar la competitividad de Am\u00e9rica del Norte, respetando la soberan\u00eda de cada naci\u00f3n\u201d, indic\u00f3 la oficina de Carney en un comunicado.<\/p>\n\n\n\n<p class=\"wp-block-paragraph\">A su vez, la Secretar\u00eda de Relaciones Exteriores de M\u00e9xico solo refiri\u00f3 que ambos \u201cacordaron mantener el di\u00e1logo y coincidieron en la importancia de la integraci\u00f3n econ\u00f3mica de Norteam\u00e9rica, con respeto a las soberan\u00edas, como la mejor manera de competir con otras regiones del mundo\u201d.<\/p>\n\n\n\n<p class=\"wp-block-paragraph\">Hasta ahora, el gobierno de M\u00e9xico ha preferido esperar al 3 de abril para anunciar su plan contra los aranceles generalizados, si se terminan por anunciar este mi\u00e9rcoles en Washington.<\/p>\n\n\n\n<p class=\"wp-block-paragraph\">En contraste, Canad\u00e1 ha respondido con aranceles a Estados Unidos, en represalia por las medidas de Trump.<\/p>\n\n\n\n<p class=\"wp-block-paragraph\">En marzo entraron en vigor aranceles a las importaciones de acero y aluminio. Y este 2 de abril comienza a cobrarse un arancel de 25% a los autom\u00f3viles o autopartes que se importen desde otros pa\u00edses. Solo se har\u00e1 una excepci\u00f3n si el producto que se importa es contenido estadounidense, lo que analistas consideran que ser\u00e1 dif\u00edcil separar pues la automotriz es una industria altamente integrada.<\/p>\n\n\n\n<p class=\"wp-block-paragraph\">El pasado fin de semana, Trump y Carney sostuvieron su primera conversaci\u00f3n, en medio de lo que parece que podr\u00eda ser una guerra comercial.<\/p>\n\n\n\n<p class=\"wp-block-paragraph\">Previamente, el primer ministro canadiense declar\u00f3 que \u201ces evidente que Estados Unidos ya no es un socio confiable. Es probable que, a trav\u00e9s de la negociaci\u00f3n, podamos restaurar cierto nivel de confianza, pero no podemos volver atr\u00e1s\u201d.<\/p>\n\n\n\n<p class=\"wp-block-paragraph\">Para este mi\u00e9rcoles, Trump har\u00eda un anuncio de aranceles generalizados y rec\u00edprocos, dirigidos a los pa\u00edses que tambi\u00e9n le cobran altas tarifas a EU por sus importaciones.<\/p>\n\n\n\n<p class=\"wp-block-paragraph\">En M\u00e9xico, la presidenta Sheinbaum conf\u00eda que nuestro pa\u00eds librar\u00e1 al menos estas tarifas, pues no le cobra a la mayor\u00eda de las importaciones estadounidenses.<\/p>\n\n\n\n<p class=\"wp-block-paragraph\">Sin embargo, Trump hasta ahora solo ha suspendido la entrada en vigor o la aplicaci\u00f3n de los aranceles, pero no ha dicho que vaya a cancelarlos. Adem\u00e1s de que ya est\u00e1n vigentes los aranceles de 25% al acero y al aluminio, y entran en vigor aranceles a los autos este 2 de abril.<\/p>\n\n\n\n<p class=\"wp-block-paragraph\">Las tarifas arancelarias generalizadas entrar\u00edan en vigor al d\u00eda siguiente, es decir el jueves 3 de abril.<\/p>\n\n\n\n<p class=\"wp-block-paragraph\">Una opci\u00f3n que tiene M\u00e9xico es contestar con aranceles rec\u00edprocos a EU, pero esto encarecer\u00eda las cadenas de valor y lo har\u00eda menos competitivo frente a otros pa\u00edses, apuntan analistas.<\/p>\n","protected":false},"excerpt":{"rendered":"<p>Ante los aranceles de Trump, Sheinbaum y Carney \u201cacordaron mantener el di\u00e1logo y coincidieron en la importancia de la integraci\u00f3n econ\u00f3mica de Norteam\u00e9rica\u00bb. La presidenta de M\u00e9xico, Claudia Sheinbaum, y el primer ministro canadiense, Mark Carney, conversaron este martes v\u00eda telef\u00f3nica, sobre el plan que tiene este \u00faltimo pa\u00eds para \u201ccombatir las medidas comerciales injustificadas\u201d,&#8230;<\/p>\n","protected":false},"author":2,"featured_media":65168,"comment_status":"closed","ping_status":"closed","sticky":false,"template":"","format":"standard","meta":{"_crdt_document":"","_exactmetrics_skip_tracking":false,"_exactmetrics_sitenote_active":false,"_exactmetrics_sitenote_note":"","_exactmetrics_sitenote_category":0,"footnotes":""},"categories":[17,36,89,23,38,24,31,1,27,84,69],"tags":[138,72,86,253,267,28,75],"class_list":["post-65167","post","type-post","status-publish","format-standard","has-post-thumbnail","hentry","category-arizona","category-economia","category-estados-unidos","category-mexico","category-migracion","category-mundo","category-politica","category-seguridad","category-sonora","category-turismo","category-ultimas-noticias","tag-aranceles","tag-claudia-sheinbaum","tag-donald-trump","tag-mark-carney","tag-mexico-y-canada-2","tag-nogales","tag-seguridad-publica"],"_links":{"self":[{"href":"https:\/\/elpajaritonews.com\/index.php?rest_route=\/wp\/v2\/posts\/65167","targetHints":{"allow":["GET"]}}],"collection":[{"href":"https:\/\/elpajaritonews.com\/index.php?rest_route=\/wp\/v2\/posts"}],"about":[{"href":"https:\/\/elpajaritonews.com\/index.php?rest_route=\/wp\/v2\/types\/post"}],"author":[{"embeddable":true,"href":"https:\/\/elpajaritonews.com\/index.php?rest_route=\/wp\/v2\/users\/2"}],"replies":[{"embeddable":true,"href":"https:\/\/elpajaritonews.com\/index.php?rest_route=%2Fwp%2Fv2%2Fcomments&post=65167"}],"version-history":[{"count":1,"href":"https:\/\/elpajaritonews.com\/index.php?rest_route=\/wp\/v2\/posts\/65167\/revisions"}],"predecessor-version":[{"id":65169,"href":"https:\/\/elpajaritonews.com\/index.php?rest_route=\/wp\/v2\/posts\/65167\/revisions\/65169"}],"wp:featuredmedia":[{"embeddable":true,"href":"https:\/\/elpajaritonews.com\/index.php?rest_route=\/wp\/v2\/media\/65168"}],"wp:attachment":[{"href":"https:\/\/elpajaritonews.com\/index.php?rest_route=%2Fwp%2Fv2%2Fmedia&parent=65167"}],"wp:term":[{"taxonomy":"category","embeddable":true,"href":"https:\/\/elpajaritonews.com\/index.php?rest_route=%2Fwp%2Fv2%2Fcategories&post=65167"},{"taxonomy":"post_tag","embeddable":true,"href":"https:\/\/elpajaritonews.com\/index.php?rest_route=%2Fwp%2Fv2%2Ftags&post=65167"}],"curies":[{"name":"wp","href":"https:\/\/api.w.org\/{rel}","templated":true}]}}