{"id":65268,"date":"2025-04-09T16:51:31","date_gmt":"2025-04-09T23:51:31","guid":{"rendered":"https:\/\/elpajaritonews.com\/?p=65268"},"modified":"2025-04-09T16:51:41","modified_gmt":"2025-04-09T23:51:41","slug":"analiza-congreso-de-sonora-reformas-en-materia-de-justicia-inclusion-y-educacion","status":"publish","type":"post","link":"https:\/\/elpajaritonews.com\/?p=65268","title":{"rendered":"ANALIZA CONGRESO DE SONORA REFORMAS EN MATERIA DE JUSTICIA, INCLUSI\u00d3N Y EDUCACI\u00d3N"},"content":{"rendered":"\n<p class=\"wp-block-paragraph\">El Congreso del Estado de Sonora turn\u00f3 a comisiones diversas iniciativas en los \u00e1mbitos de justicia, inclusi\u00f3n de personas con discapacidad y educaci\u00f3n, para su an\u00e1lisis y, en su caso, dictaminaci\u00f3n. Adem\u00e1s, se present\u00f3 un posicionamiento para reconocer a las personas adultas mayores, en el que se destac\u00f3 la necesidad de asegurar su bienestar.<\/p>\n\n\n\n<figure class=\"wp-block-embed is-type-video is-provider-youtube wp-block-embed-youtube wp-embed-aspect-4-3 wp-has-aspect-ratio\"><div class=\"wp-block-embed__wrapper\">\n<iframe loading=\"lazy\" title=\"09 de Abril - Sesi\u00f3n Ordinaria\" width=\"640\" height=\"480\" src=\"https:\/\/www.youtube.com\/embed\/v6lf56YrmGQ?feature=oembed\" frameborder=\"0\" allow=\"accelerometer; autoplay; clipboard-write; encrypted-media; gyroscope; picture-in-picture; web-share\" referrerpolicy=\"strict-origin-when-cross-origin\" allowfullscreen><\/iframe>\n<\/div><\/figure>\n\n\n\n<p class=\"wp-block-paragraph\">La diputada Ernestina Castro Valenzuela (Morena) present\u00f3 una iniciativa de decreto para reformar y adicionar el C\u00f3digo Penal y la Ley de Acceso de las Mujeres a una Vida Libre de Violencia, con el prop\u00f3sito de tipificar como delito la violencia econ\u00f3mica postseparaci\u00f3n. Esta figura contempla sanciones como prisi\u00f3n, multas y p\u00e9rdida de la patria potestad, ante pr\u00e1cticas que afectan el bienestar financiero de las mujeres y sus hijas e hijos tras una ruptura, tales como el incumplimiento de obligaciones, la generaci\u00f3n de deudas a nombre de la v\u00edctima y la obstrucci\u00f3n del desarrollo laboral.<\/p>\n\n\n\n<p class=\"wp-block-paragraph\">La diputada Alejandra L\u00f3pez Noriega propuso reformar la Ley del Instituto de Seguridad y Servicios Sociales de los Trabajadores del Estado de Sonora (Isssteson) y la Ley para la Inclusi\u00f3n y Desarrollo de las Personas con Discapacidad, con el fin de garantizar empleo digno, fomentar el emprendimiento y permitir la jubilaci\u00f3n anticipada a personas con discapacidad motriz o neuromotora.<\/p>\n\n\n\n<p class=\"wp-block-paragraph\">Con el objetivo de fortalecer la justicia en casos de accidentes viales, el diputado David Figueroa Ortega (PVEM) present\u00f3 una iniciativa para reformar el C\u00f3digo Penal del Estado, a fin de agravar las penas por el delito de abandono de personas. El planteamiento busca castigar con mayor severidad a quienes, tras provocar un accidente, se den a la fuga, especialmente si conducen bajo los efectos del alcohol o las drogas, o si el incidente resulta en v\u00edctimas mortales.<\/p>\n\n\n\n<p class=\"wp-block-paragraph\">En el \u00e1mbito educativo, la diputada Iris Fernanda S\u00e1nchez Chiu (PRI) propuso una reforma a la Ley de Profesiones del Estado, con el objetivo de diversificar las formas de acreditar el servicio social. La iniciativa plantea que estudiantes de artes, humanidades o comunicaci\u00f3n puedan cumplir con esta obligaci\u00f3n mediante actividades culturales en instituciones de salud, la donaci\u00f3n de sangre o la promoci\u00f3n de programas de donaci\u00f3n.<\/p>\n\n\n\n<p class=\"wp-block-paragraph\">En su posicionamiento, el diputado \u00d3scar Ortiz Arvayo (PT) destac\u00f3 en tribuna el valioso aporte de las personas adultas mayores al desarrollo de Sonora, y subray\u00f3 la importancia de continuar promoviendo pol\u00edticas p\u00fablicas que garanticen su bienestar, inclusi\u00f3n y participaci\u00f3n activa en la sociedad.<\/p>\n\n\n\n<p class=\"wp-block-paragraph\">Se cit\u00f3 para la pr\u00f3xima sesi\u00f3n ordinaria, a celebrarse el jueves 10 de abril, a las 12:00 horas.<\/p>\n","protected":false},"excerpt":{"rendered":"<p>El Congreso del Estado de Sonora turn\u00f3 a comisiones diversas iniciativas en los \u00e1mbitos de justicia, inclusi\u00f3n de personas con discapacidad y educaci\u00f3n, para su an\u00e1lisis y, en su caso, dictaminaci\u00f3n. Adem\u00e1s, se present\u00f3 un posicionamiento para reconocer a las personas adultas mayores, en el que se destac\u00f3 la necesidad de asegurar su bienestar. La&#8230;<\/p>\n","protected":false},"author":2,"featured_media":65269,"comment_status":"closed","ping_status":"closed","sticky":false,"template":"","format":"standard","meta":{"_crdt_document":"","_exactmetrics_skip_tracking":false,"_exactmetrics_sitenote_active":false,"_exactmetrics_sitenote_note":"","_exactmetrics_sitenote_category":0,"footnotes":""},"categories":[20,36,33,31,1,27,69,65],"tags":[73],"class_list":["post-65268","post","type-post","status-publish","format-standard","has-post-thumbnail","hentry","category-congreso","category-economia","category-educacion","category-politica","category-seguridad","category-sonora","category-ultimas-noticias","category-videos","tag-congreso-del-estado-de-sonora"],"_links":{"self":[{"href":"https:\/\/elpajaritonews.com\/index.php?rest_route=\/wp\/v2\/posts\/65268","targetHints":{"allow":["GET"]}}],"collection":[{"href":"https:\/\/elpajaritonews.com\/index.php?rest_route=\/wp\/v2\/posts"}],"about":[{"href":"https:\/\/elpajaritonews.com\/index.php?rest_route=\/wp\/v2\/types\/post"}],"author":[{"embeddable":true,"href":"https:\/\/elpajaritonews.com\/index.php?rest_route=\/wp\/v2\/users\/2"}],"replies":[{"embeddable":true,"href":"https:\/\/elpajaritonews.com\/index.php?rest_route=%2Fwp%2Fv2%2Fcomments&post=65268"}],"version-history":[{"count":1,"href":"https:\/\/elpajaritonews.com\/index.php?rest_route=\/wp\/v2\/posts\/65268\/revisions"}],"predecessor-version":[{"id":65270,"href":"https:\/\/elpajaritonews.com\/index.php?rest_route=\/wp\/v2\/posts\/65268\/revisions\/65270"}],"wp:featuredmedia":[{"embeddable":true,"href":"https:\/\/elpajaritonews.com\/index.php?rest_route=\/wp\/v2\/media\/65269"}],"wp:attachment":[{"href":"https:\/\/elpajaritonews.com\/index.php?rest_route=%2Fwp%2Fv2%2Fmedia&parent=65268"}],"wp:term":[{"taxonomy":"category","embeddable":true,"href":"https:\/\/elpajaritonews.com\/index.php?rest_route=%2Fwp%2Fv2%2Fcategories&post=65268"},{"taxonomy":"post_tag","embeddable":true,"href":"https:\/\/elpajaritonews.com\/index.php?rest_route=%2Fwp%2Fv2%2Ftags&post=65268"}],"curies":[{"name":"wp","href":"https:\/\/api.w.org\/{rel}","templated":true}]}}