{"id":65274,"date":"2025-04-09T17:29:31","date_gmt":"2025-04-10T00:29:31","guid":{"rendered":"https:\/\/elpajaritonews.com\/?p=65274"},"modified":"2025-04-09T17:29:33","modified_gmt":"2025-04-10T00:29:33","slug":"gobernador-durazo-potencia-crecimiento-en-mineria-construccion-y-energia-como-resultado-del-plan-sonora","status":"publish","type":"post","link":"https:\/\/elpajaritonews.com\/?p=65274","title":{"rendered":"GOBERNADOR DURAZO POTENCIA CRECIMIENTO EN MINER\u00cdA, CONSTRUCCI\u00d3N Y ENERG\u00cdA COMO RESULTADO DEL PLAN SONORA"},"content":{"rendered":"\n<p class=\"wp-block-paragraph\">\u2022 Derivado del Plan Sonora, impulsado por el gobernador Alfonso Durazo, la entidad ha registrado un crecimiento en los sectores industriales de miner\u00eda, construcci\u00f3n y generaci\u00f3n de energ\u00eda, lo que se traduce en mayores oportunidades econ\u00f3micas para las familias sonorenses, con m\u00e1s y mejores empleos remunerados en la regi\u00f3n, fortaleciendo as\u00ed su compromiso con el desarrollo econ\u00f3mico y social de la poblaci\u00f3n.<\/p>\n\n\n\n<p class=\"wp-block-paragraph\">Como resultado de la implementaci\u00f3n del Plan Sonora de Energ\u00edas Sostenibles, la entidad sonorense ha registrado un crecimiento significativo en los rubros de generaci\u00f3n, transmisi\u00f3n y distribuci\u00f3n de energ\u00eda, agua y gas; as\u00ed como en miner\u00eda y construcci\u00f3n, de acuerdo con el Indicador Mensual de la Actividad Industrial por Entidad Federativa del Instituto Nacional de Estad\u00edstica y Geograf\u00eda (INEGI), asever\u00f3 el gobernador Alfonso Durazo Monta\u00f1o.<\/p>\n\n\n\n<p class=\"wp-block-paragraph\">El titular del Ejecutivo estatal subray\u00f3 que, en diciembre de 2024, Sonora aument\u00f3 su producci\u00f3n minera en un 3.9 por ciento; el sector de la construcci\u00f3n creci\u00f3 4.1 por ciento; y la generaci\u00f3n, transmisi\u00f3n y distribuci\u00f3n de energ\u00eda, agua y gas increment\u00f3 su actividad en un 9.3 por ciento.<\/p>\n\n\n\n<p class=\"wp-block-paragraph\">\u201cCon la ejecuci\u00f3n del Plan Sonora de Energ\u00edas Sostenibles, que ya es una realidad, se impulsa el desarrollo econ\u00f3mico de nuestro estado en varios sectores y lo posiciona como una referencia a nivel nacional\u201d, destac\u00f3.<\/p>\n\n\n\n<p class=\"wp-block-paragraph\">Agreg\u00f3 que estos avances se traducen en mayores oportunidades econ\u00f3micas para las familias sonorenses, con m\u00e1s y mejores empleos remunerados en la regi\u00f3n, reforzando as\u00ed el compromiso de su gobierno con el desarrollo econ\u00f3mico y social de la poblaci\u00f3n.<\/p>\n\n\n\n<p class=\"wp-block-paragraph\">En este sentido, el gobernador Durazo record\u00f3 que el Plan Sonora tiene como objetivo prioritario el impulso a las energ\u00edas renovables y limpias sobre las fuentes de combustibles f\u00f3siles, con el fin de consolidar la transici\u00f3n energ\u00e9tica en el pa\u00eds.<\/p>\n","protected":false},"excerpt":{"rendered":"<p>\u2022 Derivado del Plan Sonora, impulsado por el gobernador Alfonso Durazo, la entidad ha registrado un crecimiento en los sectores industriales de miner\u00eda, construcci\u00f3n y generaci\u00f3n de energ\u00eda, lo que se traduce en mayores oportunidades econ\u00f3micas para las familias sonorenses, con m\u00e1s y mejores empleos remunerados en la regi\u00f3n, fortaleciendo as\u00ed su compromiso con el&#8230;<\/p>\n","protected":false},"author":2,"featured_media":65275,"comment_status":"closed","ping_status":"closed","sticky":false,"template":"","format":"standard","meta":{"_crdt_document":"","_exactmetrics_skip_tracking":false,"_exactmetrics_sitenote_active":false,"_exactmetrics_sitenote_note":"","_exactmetrics_sitenote_category":0,"footnotes":""},"categories":[36,23,31,27,69],"tags":[71,72,74,28,30],"class_list":["post-65274","post","type-post","status-publish","format-standard","has-post-thumbnail","hentry","category-economia","category-mexico","category-politica","category-sonora","category-ultimas-noticias","tag-alfonso-durazo","tag-claudia-sheinbaum","tag-hermosillo","tag-nogales","tag-sonora-tierra-de-oportunidades"],"_links":{"self":[{"href":"https:\/\/elpajaritonews.com\/index.php?rest_route=\/wp\/v2\/posts\/65274","targetHints":{"allow":["GET"]}}],"collection":[{"href":"https:\/\/elpajaritonews.com\/index.php?rest_route=\/wp\/v2\/posts"}],"about":[{"href":"https:\/\/elpajaritonews.com\/index.php?rest_route=\/wp\/v2\/types\/post"}],"author":[{"embeddable":true,"href":"https:\/\/elpajaritonews.com\/index.php?rest_route=\/wp\/v2\/users\/2"}],"replies":[{"embeddable":true,"href":"https:\/\/elpajaritonews.com\/index.php?rest_route=%2Fwp%2Fv2%2Fcomments&post=65274"}],"version-history":[{"count":2,"href":"https:\/\/elpajaritonews.com\/index.php?rest_route=\/wp\/v2\/posts\/65274\/revisions"}],"predecessor-version":[{"id":65277,"href":"https:\/\/elpajaritonews.com\/index.php?rest_route=\/wp\/v2\/posts\/65274\/revisions\/65277"}],"wp:featuredmedia":[{"embeddable":true,"href":"https:\/\/elpajaritonews.com\/index.php?rest_route=\/wp\/v2\/media\/65275"}],"wp:attachment":[{"href":"https:\/\/elpajaritonews.com\/index.php?rest_route=%2Fwp%2Fv2%2Fmedia&parent=65274"}],"wp:term":[{"taxonomy":"category","embeddable":true,"href":"https:\/\/elpajaritonews.com\/index.php?rest_route=%2Fwp%2Fv2%2Fcategories&post=65274"},{"taxonomy":"post_tag","embeddable":true,"href":"https:\/\/elpajaritonews.com\/index.php?rest_route=%2Fwp%2Fv2%2Ftags&post=65274"}],"curies":[{"name":"wp","href":"https:\/\/api.w.org\/{rel}","templated":true}]}}