{"id":65441,"date":"2025-04-21T03:43:10","date_gmt":"2025-04-21T10:43:10","guid":{"rendered":"https:\/\/elpajaritonews.com\/?p=65441"},"modified":"2025-04-21T03:43:12","modified_gmt":"2025-04-21T10:43:12","slug":"murio-el-papa-francisco-a-los-88-anos","status":"publish","type":"post","link":"https:\/\/elpajaritonews.com\/?p=65441","title":{"rendered":"MURI\u00d3 EL PAPA FRANCISCO A LOS 88 A\u00d1OS"},"content":{"rendered":"\n<p class=\"wp-block-paragraph\">&nbsp;Jorge Mario Bergoglio, el Papa Francisco, falleci\u00f3 este lunes a las 7:35 horas locales, en su residencia de la Casa Santa Marta, confirm\u00f3 El Vaticano.&nbsp;<\/p>\n\n\n\n<p class=\"wp-block-paragraph\">El primer Papa latinoamericano, nacido en Buenos Aires Argentina en 1936, muri\u00f3 luego de padecer una neumon\u00eda bilateral por lo que estuvo hospitalizado, varias semanas.&nbsp;<\/p>\n\n\n\n<p class=\"wp-block-paragraph\">Francisco estuvo por algunos minutos este domingo en la Plaza de San Pedro, y durante su recorrido en el papam\u00f3vil se detuvo para bendecir a ni\u00f1os.&nbsp;<\/p>\n\n\n\n<p class=\"wp-block-paragraph\">De acuerdo con la agencia Reuters, tras la muerte del Papa Francisco anunciada por el Vaticano el lunes, los rituales marcan el fin de un papado y el comienzo del siguiente.<\/p>\n\n\n\n<p class=\"wp-block-paragraph\">El camarlengo del Papa, el cardenal Kevin Farrell, confirma oficialmente el fallecimiento. Posteriormente, sella el apartamento privado del Papa y prepara el funeral.<\/p>\n\n\n\n<p class=\"wp-block-paragraph\">El camarlengo y tres asistentes deciden cu\u00e1ndo se llevar\u00e1 el f\u00e9retro del papa a la Bas\u00edlica de San Pedro para su exhibici\u00f3n p\u00fablica. Tambi\u00e9n se aseguran de que el \u00abAnillo del Pescador\u00bb y el sello de plomo del papa se rompan para que nadie m\u00e1s pueda usarlos. No se realiza autopsia.<\/p>\n\n\n\n<p class=\"wp-block-paragraph\">Los ritos de duelo duran nueve d\u00edas, y la fecha del funeral y el entierro la deciden los cardenales. El funeral se celebrar\u00eda normalmente entre cuatro y seis d\u00edas despu\u00e9s del fallecimiento, en la Plaza de San Pedro. Francisco hab\u00eda dicho que, a diferencia de muchos predecesores, no ser\u00eda enterrado en la cripta de la Bas\u00edlica de San Pedro, sino en la Bas\u00edlica de Santa Mar\u00eda la Mayor de Roma. Tambi\u00e9n pidi\u00f3 ser enterrado en un sencillo ata\u00fad de madera.<\/p>\n\n\n\n<p class=\"wp-block-paragraph\">El Colegio Cardenalicio supervisa la actividad cotidiana durante el interregno. Tiene un poder limitado y gran parte de la administraci\u00f3n central de la Iglesia se paraliza.<\/p>\n\n\n\n<p class=\"wp-block-paragraph\">El c\u00f3nclave para elegir al nuevo papa comienza en la Capilla Sixtina del Vaticano entre 15 y 20 d\u00edas despu\u00e9s del fallecimiento. Los cardenales, confinados en el Vaticano durante el c\u00f3nclave, deciden la fecha exacta.<\/p>\n\n\n\n<p class=\"wp-block-paragraph\">Todos los cardenales menores de 80 a\u00f1os pueden participar en la votaci\u00f3n secreta. Necesitan una mayor\u00eda de al menos dos tercios m\u00e1s uno para elegir al nuevo papa, por lo que la votaci\u00f3n puede durar varias rondas a lo largo de varios d\u00edas. Al concluir la elecci\u00f3n, se le pregunta al nuevo papa si acepta y qu\u00e9 nombre desea adoptar.<\/p>\n\n\n\n<p class=\"wp-block-paragraph\">El mundo se entera de la elecci\u00f3n de un papa cuando un funcionario quema las papeletas con sustancias qu\u00edmicas especiales para que salga humo blanco de la chimenea de la capilla. Usan otras sustancias qu\u00edmicas para producir humo negro, lo que indica una votaci\u00f3n inconclusa.<\/p>\n\n\n\n<p class=\"wp-block-paragraph\">El decano del Colegio Cardenalicio sube al balc\u00f3n central de la Bas\u00edlica de San Pedro para anunciar \u00abHabemus Papam\u00bb (Tenemos un Papa). El nuevo Papa aparece entonces y bendice a la multitud reunida en la plaza.<\/p>\n","protected":false},"excerpt":{"rendered":"<p>&nbsp;Jorge Mario Bergoglio, el Papa Francisco, falleci\u00f3 este lunes a las 7:35 horas locales, en su residencia de la Casa Santa Marta, confirm\u00f3 El Vaticano.&nbsp; El primer Papa latinoamericano, nacido en Buenos Aires Argentina en 1936, muri\u00f3 luego de padecer una neumon\u00eda bilateral por lo que estuvo hospitalizado, varias semanas.&nbsp; Francisco estuvo por algunos minutos&#8230;<\/p>\n","protected":false},"author":2,"featured_media":65442,"comment_status":"closed","ping_status":"closed","sticky":false,"template":"","format":"standard","meta":{"_crdt_document":"","_exactmetrics_skip_tracking":false,"_exactmetrics_sitenote_active":false,"_exactmetrics_sitenote_note":"","_exactmetrics_sitenote_category":0,"footnotes":""},"categories":[22,89,26,23,24,31,1,27,84,69],"tags":[71,72,280,74,281,75],"class_list":["post-65441","post","type-post","status-publish","format-standard","has-post-thumbnail","hentry","category-escena","category-estados-unidos","category-local","category-mexico","category-mundo","category-politica","category-seguridad","category-sonora","category-turismo","category-ultimas-noticias","tag-alfonso-durazo","tag-claudia-sheinbaum","tag-el-vaticano","tag-hermosillo","tag-papa-francisco","tag-seguridad-publica"],"_links":{"self":[{"href":"https:\/\/elpajaritonews.com\/index.php?rest_route=\/wp\/v2\/posts\/65441","targetHints":{"allow":["GET"]}}],"collection":[{"href":"https:\/\/elpajaritonews.com\/index.php?rest_route=\/wp\/v2\/posts"}],"about":[{"href":"https:\/\/elpajaritonews.com\/index.php?rest_route=\/wp\/v2\/types\/post"}],"author":[{"embeddable":true,"href":"https:\/\/elpajaritonews.com\/index.php?rest_route=\/wp\/v2\/users\/2"}],"replies":[{"embeddable":true,"href":"https:\/\/elpajaritonews.com\/index.php?rest_route=%2Fwp%2Fv2%2Fcomments&post=65441"}],"version-history":[{"count":2,"href":"https:\/\/elpajaritonews.com\/index.php?rest_route=\/wp\/v2\/posts\/65441\/revisions"}],"predecessor-version":[{"id":65444,"href":"https:\/\/elpajaritonews.com\/index.php?rest_route=\/wp\/v2\/posts\/65441\/revisions\/65444"}],"wp:featuredmedia":[{"embeddable":true,"href":"https:\/\/elpajaritonews.com\/index.php?rest_route=\/wp\/v2\/media\/65442"}],"wp:attachment":[{"href":"https:\/\/elpajaritonews.com\/index.php?rest_route=%2Fwp%2Fv2%2Fmedia&parent=65441"}],"wp:term":[{"taxonomy":"category","embeddable":true,"href":"https:\/\/elpajaritonews.com\/index.php?rest_route=%2Fwp%2Fv2%2Fcategories&post=65441"},{"taxonomy":"post_tag","embeddable":true,"href":"https:\/\/elpajaritonews.com\/index.php?rest_route=%2Fwp%2Fv2%2Ftags&post=65441"}],"curies":[{"name":"wp","href":"https:\/\/api.w.org\/{rel}","templated":true}]}}