{"id":65445,"date":"2025-04-21T13:04:44","date_gmt":"2025-04-21T20:04:44","guid":{"rendered":"https:\/\/elpajaritonews.com\/?p=65445"},"modified":"2025-04-21T13:04:47","modified_gmt":"2025-04-21T20:04:47","slug":"derrame-cerebral-la-causa-de-muerte-del-papa-francisco-vaticano","status":"publish","type":"post","link":"https:\/\/elpajaritonews.com\/?p=65445","title":{"rendered":"DERRAME CEREBRAL, LA CAUSA DE MUERTE DEL PAPA FRANCISCO: VATICANO"},"content":{"rendered":"\n<p class=\"wp-block-paragraph\">El Vaticano revel\u00f3 que el papa Francisco muri\u00f3 de un derrame cerebral que le provoc\u00f3 entrar en coma y un fallo card\u00edaco irreversible.<\/p>\n\n\n\n<p class=\"wp-block-paragraph\">As\u00ed lo ha certificado el profesor Andrea Arcangeli, director de la Direcci\u00f3n de Sanidad e Higiene del Estado de la Ciudad del Vaticano, en el informe de defunci\u00f3n publicado esta tarde por la Oficina de Prensa de la Santa Sede.<\/p>\n\n\n\n<p class=\"wp-block-paragraph\">El documento m\u00e9dico indica que el Papa ten\u00eda antecedentes de insuficiencia respiratoria aguda en neumon\u00eda bilateral multimicrobiana, bronquiectasias m\u00faltiples, hipertensi\u00f3n y diabetes de tipo II.<\/p>\n\n\n\n<p class=\"wp-block-paragraph\">La muerte se comprob\u00f3 mediante un registro electrocardiogr\u00e1ma tanatol\u00f3gico. \u201cDeclaro -escribe Arcangeli- que las causas de la muerte, seg\u00fan mi conocimiento y conciencia, son las arriba indicadas\u201d.<\/p>\n\n\n\n<p class=\"wp-block-paragraph\">El papa Francisco dej\u00f3 indicado en su testamento que fuera enterrado en tumba sencilla en Bas\u00edlica de Santa Mar\u00eda la Mayor.<\/p>\n","protected":false},"excerpt":{"rendered":"<p>El Vaticano revel\u00f3 que el papa Francisco muri\u00f3 de un derrame cerebral que le provoc\u00f3 entrar en coma y un fallo card\u00edaco irreversible. As\u00ed lo ha certificado el profesor Andrea Arcangeli, director de la Direcci\u00f3n de Sanidad e Higiene del Estado de la Ciudad del Vaticano, en el informe de defunci\u00f3n publicado esta tarde por&#8230;<\/p>\n","protected":false},"author":2,"featured_media":65446,"comment_status":"closed","ping_status":"closed","sticky":false,"template":"","format":"standard","meta":{"_crdt_document":"","_exactmetrics_skip_tracking":false,"_exactmetrics_sitenote_active":false,"_exactmetrics_sitenote_note":"","_exactmetrics_sitenote_category":0,"footnotes":""},"categories":[24,31,32,1,27,84,70,69],"tags":[72,74,281,75,282],"class_list":["post-65445","post","type-post","status-publish","format-standard","has-post-thumbnail","hentry","category-mundo","category-politica","category-salud","category-seguridad","category-sonora","category-turismo","category-ultimas-noticia","category-ultimas-noticias","tag-claudia-sheinbaum","tag-hermosillo","tag-papa-francisco","tag-seguridad-publica","tag-vaticano"],"_links":{"self":[{"href":"https:\/\/elpajaritonews.com\/index.php?rest_route=\/wp\/v2\/posts\/65445","targetHints":{"allow":["GET"]}}],"collection":[{"href":"https:\/\/elpajaritonews.com\/index.php?rest_route=\/wp\/v2\/posts"}],"about":[{"href":"https:\/\/elpajaritonews.com\/index.php?rest_route=\/wp\/v2\/types\/post"}],"author":[{"embeddable":true,"href":"https:\/\/elpajaritonews.com\/index.php?rest_route=\/wp\/v2\/users\/2"}],"replies":[{"embeddable":true,"href":"https:\/\/elpajaritonews.com\/index.php?rest_route=%2Fwp%2Fv2%2Fcomments&post=65445"}],"version-history":[{"count":1,"href":"https:\/\/elpajaritonews.com\/index.php?rest_route=\/wp\/v2\/posts\/65445\/revisions"}],"predecessor-version":[{"id":65447,"href":"https:\/\/elpajaritonews.com\/index.php?rest_route=\/wp\/v2\/posts\/65445\/revisions\/65447"}],"wp:featuredmedia":[{"embeddable":true,"href":"https:\/\/elpajaritonews.com\/index.php?rest_route=\/wp\/v2\/media\/65446"}],"wp:attachment":[{"href":"https:\/\/elpajaritonews.com\/index.php?rest_route=%2Fwp%2Fv2%2Fmedia&parent=65445"}],"wp:term":[{"taxonomy":"category","embeddable":true,"href":"https:\/\/elpajaritonews.com\/index.php?rest_route=%2Fwp%2Fv2%2Fcategories&post=65445"},{"taxonomy":"post_tag","embeddable":true,"href":"https:\/\/elpajaritonews.com\/index.php?rest_route=%2Fwp%2Fv2%2Ftags&post=65445"}],"curies":[{"name":"wp","href":"https:\/\/api.w.org\/{rel}","templated":true}]}}