{"id":65448,"date":"2025-04-21T17:12:39","date_gmt":"2025-04-22T00:12:39","guid":{"rendered":"https:\/\/elpajaritonews.com\/?p=65448"},"modified":"2025-04-21T17:12:44","modified_gmt":"2025-04-22T00:12:44","slug":"gobernador-durazo-inicia-entrega-de-uniformes-gratuitos-a-partir-del-20-de-mayo","status":"publish","type":"post","link":"https:\/\/elpajaritonews.com\/?p=65448","title":{"rendered":"GOBERNADOR DURAZO INICIA ENTREGA DE UNIFORMES GRATUITOS A PARTIR DEL 20 DE MAYO"},"content":{"rendered":"\n<p class=\"wp-block-paragraph\">\u2022 En cumplimiento al compromiso que el gobernador Alfonso Durazo hizo con madres y padres de familia, los estudiantes de educaci\u00f3n b\u00e1sica contar\u00e1n con los paquetes de uniformes escolares antes de concluir el presente ciclo escolar.<\/p>\n\n\n\n<p class=\"wp-block-paragraph\">\u2022 Se estima que el 20 de mayo inicie la entrega de uniformes escolares gratuitos para el ciclo 2025-2026, con una inversi\u00f3n de m\u00e1s de 300 millones de pesos para beneficiar a m\u00e1s de 440 mil estudiantes de escuelas p\u00fablicas de nivel b\u00e1sico.<\/p>\n\n\n\n<p class=\"wp-block-paragraph\">Con el compromiso de garantizar que antes del receso escolar de verano, las ni\u00f1as y ni\u00f1os en la entidad cuenten con sus uniformes escolares gratuitos para el ciclo 2025-2026, el gobernador Alfonso Durazo Monta\u00f1o anunci\u00f3 que, a partir del 20 de mayo iniciar\u00e1 la entrega de los paquetes.<\/p>\n\n\n\n<p class=\"wp-block-paragraph\">La jefa de Oficina del Ejecutivo Estatal, Paulina Oca\u00f1a, en representaci\u00f3n del gobernador Alfonso Durazo Monta\u00f1o y el titular de la Secretar\u00eda de Educaci\u00f3n y Cultura (SEC), Froyl\u00e1n G\u00e1mez Gamboa, supervisaron el avance en la recepci\u00f3n de las prendas y se trabaja en la log\u00edstica de distribuci\u00f3n para que los uniformes escolares gratuitos lleguen en tiempo y forma a toda la entidad, garantizando que cada estudiante inicie el ciclo satisfactoriamente, en cumplimiento al compromiso con las familias sonorenses.<\/p>\n\n\n\n<p class=\"wp-block-paragraph\">Oca\u00f1a Encinas, jefa de la Oficina del Ejecutivo Estatal, supervis\u00f3 el plan log\u00edstico elaborado por personal de la Secretar\u00eda de Educaci\u00f3n y Cultura, y constat\u00f3 la llegada de los paquetes que contienen las prendas, cuya inversi\u00f3n para este a\u00f1o fue de m\u00e1s de 300 millones de pesos, en beneficio de m\u00e1s de 440 mil estudiantes de escuelas p\u00fablicas de nivel b\u00e1sico.<\/p>\n\n\n\n<p class=\"wp-block-paragraph\">En d\u00edas recientes se complet\u00f3 la recepci\u00f3n de todas las playeras, por lo que, con este ritmo se estima el arranque del proceso de distribuci\u00f3n en las pr\u00f3ximas semanas, como se comprometi\u00f3 el gobernador Durazo Monta\u00f1o con las madres y padres de familia, para que antes de las vacaciones las alumnas y alumnos tengan listos sus uniformes.<\/p>\n","protected":false},"excerpt":{"rendered":"<p>\u2022 En cumplimiento al compromiso que el gobernador Alfonso Durazo hizo con madres y padres de familia, los estudiantes de educaci\u00f3n b\u00e1sica contar\u00e1n con los paquetes de uniformes escolares antes de concluir el presente ciclo escolar. \u2022 Se estima que el 20 de mayo inicie la entrega de uniformes escolares gratuitos para el ciclo 2025-2026,&#8230;<\/p>\n","protected":false},"author":2,"featured_media":65449,"comment_status":"closed","ping_status":"closed","sticky":false,"template":"","format":"standard","meta":{"_crdt_document":"","_exactmetrics_skip_tracking":false,"_exactmetrics_sitenote_active":false,"_exactmetrics_sitenote_note":"","_exactmetrics_sitenote_category":0,"footnotes":""},"categories":[36,33,26,31,27,69],"tags":[71,72,74,28,30],"class_list":["post-65448","post","type-post","status-publish","format-standard","has-post-thumbnail","hentry","category-economia","category-educacion","category-local","category-politica","category-sonora","category-ultimas-noticias","tag-alfonso-durazo","tag-claudia-sheinbaum","tag-hermosillo","tag-nogales","tag-sonora-tierra-de-oportunidades"],"_links":{"self":[{"href":"https:\/\/elpajaritonews.com\/index.php?rest_route=\/wp\/v2\/posts\/65448","targetHints":{"allow":["GET"]}}],"collection":[{"href":"https:\/\/elpajaritonews.com\/index.php?rest_route=\/wp\/v2\/posts"}],"about":[{"href":"https:\/\/elpajaritonews.com\/index.php?rest_route=\/wp\/v2\/types\/post"}],"author":[{"embeddable":true,"href":"https:\/\/elpajaritonews.com\/index.php?rest_route=\/wp\/v2\/users\/2"}],"replies":[{"embeddable":true,"href":"https:\/\/elpajaritonews.com\/index.php?rest_route=%2Fwp%2Fv2%2Fcomments&post=65448"}],"version-history":[{"count":1,"href":"https:\/\/elpajaritonews.com\/index.php?rest_route=\/wp\/v2\/posts\/65448\/revisions"}],"predecessor-version":[{"id":65450,"href":"https:\/\/elpajaritonews.com\/index.php?rest_route=\/wp\/v2\/posts\/65448\/revisions\/65450"}],"wp:featuredmedia":[{"embeddable":true,"href":"https:\/\/elpajaritonews.com\/index.php?rest_route=\/wp\/v2\/media\/65449"}],"wp:attachment":[{"href":"https:\/\/elpajaritonews.com\/index.php?rest_route=%2Fwp%2Fv2%2Fmedia&parent=65448"}],"wp:term":[{"taxonomy":"category","embeddable":true,"href":"https:\/\/elpajaritonews.com\/index.php?rest_route=%2Fwp%2Fv2%2Fcategories&post=65448"},{"taxonomy":"post_tag","embeddable":true,"href":"https:\/\/elpajaritonews.com\/index.php?rest_route=%2Fwp%2Fv2%2Ftags&post=65448"}],"curies":[{"name":"wp","href":"https:\/\/api.w.org\/{rel}","templated":true}]}}