{"id":65538,"date":"2025-04-26T14:53:29","date_gmt":"2025-04-26T21:53:29","guid":{"rendered":"https:\/\/elpajaritonews.com\/?p=65538"},"modified":"2025-04-26T14:53:51","modified_gmt":"2025-04-26T21:53:51","slug":"presidenta-claudia-sheinbaum-da-banderazo-de-inicio-de-obras-del-tren-de-carga-del-tren-maya","status":"publish","type":"post","link":"https:\/\/elpajaritonews.com\/?p=65538","title":{"rendered":"PRESIDENTA CLAUDIA SHEINBAUM DA BANDERAZO DE INICIO DE OBRAS DEL TREN DE CARGA DEL TREN MAYA"},"content":{"rendered":"\n<ul class=\"wp-block-list\">\n<li>Los trabajos se realizar\u00e1n en dos etapas en un plazo de 2 a\u00f1os y seis meses, generando 26 mil 200 empleos directos<\/li>\n\n\n\n<li>Tendr\u00e1 terminales intermodales en Canc\u00fan, Quintana Roo; Palenque, Chiapas; en Poxil\u00e1 y Progreso, Yucat\u00e1n y se conectar\u00e1 con el Tren Interoce\u00e1nico<\/li>\n<\/ul>\n\n\n\n<figure class=\"wp-block-embed is-type-video is-provider-youtube wp-block-embed-youtube wp-embed-aspect-16-9 wp-has-aspect-ratio\"><div class=\"wp-block-embed__wrapper\">\n<iframe loading=\"lazy\" title=\"Tren Maya: banderazo a la construcci\u00f3n del transporte de carga. Progreso, Yucat\u00e1n. 26 de abril 2025\" width=\"640\" height=\"360\" src=\"https:\/\/www.youtube.com\/embed\/emqXi---q04?feature=oembed\" frameborder=\"0\" allow=\"accelerometer; autoplay; clipboard-write; encrypted-media; gyroscope; picture-in-picture; web-share\" referrerpolicy=\"strict-origin-when-cross-origin\" allowfullscreen><\/iframe>\n<\/div><\/figure>\n\n\n\n<p class=\"wp-block-paragraph\">La Presidenta de M\u00e9xico, Claudia Sheinbaum Pardo, dio arranque a las obras para la construcci\u00f3n de la infraestructura de carga del Tren Maya con lo que este transporte ferroviario transportar\u00e1 pasajeros y mercanc\u00edas con el objetivo de fortalecer el desarrollo del sureste mexicano.<\/p>\n\n\n\n<p class=\"wp-block-paragraph\">\u201cAhora estamos dando el banderazo de salida para que el Tren Maya no solo sea un tren de pasajeros, sino un tren de carga. \u00bfQu\u00e9 importancia tiene esto? Bueno, la carga transporta mercanc\u00edas de distinto tipo y el tren de pasajeros transporta personas. Entonces, al ser tambi\u00e9n un tren de carga, va a permitir que todo el sureste de M\u00e9xico tenga todav\u00eda m\u00e1s desarrollo del que se ha logrado con el Tren Maya, que es principalmente un desarrollo tur\u00edstico.<\/p>\n\n\n\n<p class=\"wp-block-paragraph\">\u201cEl tren de carga le va a dar un potencial enorme para que lo que se produzca en otros lugares del pa\u00eds, o aqu\u00ed en el sureste pueda tener una transportaci\u00f3n de la manera m\u00e1s eficiente posible, que es el transporte de carga\u201d, puntualiz\u00f3.<\/p>\n\n\n\n<p class=\"wp-block-paragraph\">Detall\u00f3 que el Agrupamiento de Ingenieros Felipe \u00c1ngeles de la Secretar\u00eda de la Defensa Nacional ser\u00e1 el encargado de construir la infraestructura de carga del Tren Maya con lo que se vincular\u00e1 el desarrollo de Puerto Progreso, cuyas obras de ampliaci\u00f3n est\u00e1n a cargo de la Secretar\u00eda de Marina.<\/p>\n\n\n\n<p class=\"wp-block-paragraph\">El Tren Maya de carga tendr\u00e1 terminales intermodales en Canc\u00fan, Quintana Roo; Palenque, Chiapas; en Poxil\u00e1 y Progreso, Yucat\u00e1n. En esta \u00faltima estaci\u00f3n se conectar\u00e1 con el Tren Interoce\u00e1nico, que va de Coatzacoalcos a Salina Cruz.<\/p>\n\n\n\n<p class=\"wp-block-paragraph\">\u201cSi se fijan, pues es la recuperaci\u00f3n del transporte en tren, tanto para pasajeros como para mercanc\u00edas. Y esta es una visi\u00f3n que tuvo el Presidente L\u00f3pez Obrador y que nosotros le vamos a dar continuidad\u201d, agreg\u00f3.<\/p>\n\n\n\n<p class=\"wp-block-paragraph\">El comandante del Agrupamiento de Ingenieros \u201cFelipe \u00c1ngeles\u201d, general Gustavo Ricardo Vallejo Su\u00e1rez, precis\u00f3 que la construcci\u00f3n de la infraestructura de carga del Tren Maya es parte de los 100 compromisos del Segundo Piso de la Transformaci\u00f3n y los trabajos se realizar\u00e1n en dos etapas en un plazo de 2 a\u00f1os y seis meses, generando 26 mil 200 empleos directos.<\/p>\n\n\n\n<p class=\"wp-block-paragraph\">Inform\u00f3 que, la parte de carga estar\u00e1 conformada por 10 complejos de carga con cinco terminales intermodales; cuatro patios de operaciones y una espuela de combustibles interconectados a trav\u00e9s de los mil 553 km de v\u00eda f\u00e9rrea ya construida.<\/p>\n","protected":false},"excerpt":{"rendered":"<p>La Presidenta de M\u00e9xico, Claudia Sheinbaum Pardo, dio arranque a las obras para la construcci\u00f3n de la infraestructura de carga del Tren Maya con lo que este transporte ferroviario transportar\u00e1 pasajeros y mercanc\u00edas con el objetivo de fortalecer el desarrollo del sureste mexicano. \u201cAhora estamos dando el banderazo de salida para que el Tren Maya&#8230;<\/p>\n","protected":false},"author":2,"featured_media":65539,"comment_status":"closed","ping_status":"closed","sticky":false,"template":"","format":"standard","meta":{"_crdt_document":"","_exactmetrics_skip_tracking":false,"_exactmetrics_sitenote_active":false,"_exactmetrics_sitenote_note":"","_exactmetrics_sitenote_category":0,"footnotes":""},"categories":[36,37,23,31,1,27,84,69,65],"tags":[71,72,74,75],"class_list":["post-65538","post","type-post","status-publish","format-standard","has-post-thumbnail","hentry","category-economia","category-medio-ambiente","category-mexico","category-politica","category-seguridad","category-sonora","category-turismo","category-ultimas-noticias","category-videos","tag-alfonso-durazo","tag-claudia-sheinbaum","tag-hermosillo","tag-seguridad-publica"],"_links":{"self":[{"href":"https:\/\/elpajaritonews.com\/index.php?rest_route=\/wp\/v2\/posts\/65538","targetHints":{"allow":["GET"]}}],"collection":[{"href":"https:\/\/elpajaritonews.com\/index.php?rest_route=\/wp\/v2\/posts"}],"about":[{"href":"https:\/\/elpajaritonews.com\/index.php?rest_route=\/wp\/v2\/types\/post"}],"author":[{"embeddable":true,"href":"https:\/\/elpajaritonews.com\/index.php?rest_route=\/wp\/v2\/users\/2"}],"replies":[{"embeddable":true,"href":"https:\/\/elpajaritonews.com\/index.php?rest_route=%2Fwp%2Fv2%2Fcomments&post=65538"}],"version-history":[{"count":1,"href":"https:\/\/elpajaritonews.com\/index.php?rest_route=\/wp\/v2\/posts\/65538\/revisions"}],"predecessor-version":[{"id":65540,"href":"https:\/\/elpajaritonews.com\/index.php?rest_route=\/wp\/v2\/posts\/65538\/revisions\/65540"}],"wp:featuredmedia":[{"embeddable":true,"href":"https:\/\/elpajaritonews.com\/index.php?rest_route=\/wp\/v2\/media\/65539"}],"wp:attachment":[{"href":"https:\/\/elpajaritonews.com\/index.php?rest_route=%2Fwp%2Fv2%2Fmedia&parent=65538"}],"wp:term":[{"taxonomy":"category","embeddable":true,"href":"https:\/\/elpajaritonews.com\/index.php?rest_route=%2Fwp%2Fv2%2Fcategories&post=65538"},{"taxonomy":"post_tag","embeddable":true,"href":"https:\/\/elpajaritonews.com\/index.php?rest_route=%2Fwp%2Fv2%2Ftags&post=65538"}],"curies":[{"name":"wp","href":"https:\/\/api.w.org\/{rel}","templated":true}]}}