{"id":65559,"date":"2025-04-27T20:39:13","date_gmt":"2025-04-28T03:39:13","guid":{"rendered":"https:\/\/elpajaritonews.com\/?p=65559"},"modified":"2025-04-27T21:07:45","modified_gmt":"2025-04-28T04:07:45","slug":"niciativa-mexico-canta-es-binacional-con-eeuu","status":"publish","type":"post","link":"https:\/\/elpajaritonews.com\/?p=65559","title":{"rendered":"INICIATIVA MEXICO CANTA ES BINACIONAL CON EEUU"},"content":{"rendered":"\n<p class=\"wp-block-paragraph\">EL RESPALDO DE LA INDUSTRIA MUSICAL PARA NUEVAS OPORTUNIDADES CREATIVAS QUE TE FACILITE INCURSIONAR EN EL \u00c1MBITO PROFESSIONAL<\/p>\n\n\n\n<figure class=\"wp-block-embed is-type-video is-provider-youtube wp-block-embed-youtube wp-embed-aspect-16-9 wp-has-aspect-ratio\"><div class=\"wp-block-embed__wrapper\">\n<iframe loading=\"lazy\" title=\"#Sheinbaum INVITA a #M\u00e9xicoCanta como ALTERNATIVA a los #NarcoCorridos\" width=\"640\" height=\"360\" src=\"https:\/\/www.youtube.com\/embed\/-LHe2v_etFQ?feature=oembed\" frameborder=\"0\" allow=\"accelerometer; autoplay; clipboard-write; encrypted-media; gyroscope; picture-in-picture; web-share\" referrerpolicy=\"strict-origin-when-cross-origin\" allowfullscreen><\/iframe>\n<\/div><\/figure>\n\n\n\n<p class=\"wp-block-paragraph\">M\u00e9xico Canta<\/p>\n\n\n\n<p class=\"wp-block-paragraph\">Es una iniciativa del Gobierno de M\u00e9xico, a trav\u00e9s de la Secretar\u00eda de Cultura, en colaboraci\u00f3n con el Consejo Mexicano de la M\u00fasica.<\/p>\n\n\n\n<p class=\"wp-block-paragraph\">El concurso surge con el objetivo de crear nuevas narrativas musicales que se alejen de la apolog\u00eda de la violencia, mediante letras que evoquen el amor, el desamor y la grandeza de M\u00e9xico. Adem\u00e1s de fortalecer y preservar los g\u00e9neros musicales tradicionales mexicanos \u2014como el mariachi, norte\u00f1o, banda, corrido, tropical, duranguense, bolero, entre otros\u2014, es el primer concurso binacional de m\u00fasica dirigido a personas int\u00e9rpretes y compositoras mexicanas y mexicoestadounidenses, de entre 18 y 34 a\u00f1os.<\/p>\n\n\n\n<p class=\"wp-block-paragraph\">Las y los participantes deben enviar una grabaci\u00f3n en audio o video de 3 minutos m\u00e1ximo en un dispositivo m\u00f3vil.<\/p>\n\n\n\n<p class=\"wp-block-paragraph\">Pueden participar int\u00e9rpretes con una canci\u00f3n aunque no sea de su autor\u00eda y compositores y cantautores con una canci\u00f3n que cumpla con las bases de esta convocatoria.<\/p>\n\n\n\n<p class=\"wp-block-paragraph\">Se permite participar en lenguas originarias, espa\u00f1ol y espanglish.<\/p>\n\n\n\n<p class=\"wp-block-paragraph\">Este concurso busca apoyar nuevos talentos y generar oportunidades creativas para que las y los j\u00f3venes puedan acceder al \u00e1mbito profesional de la industria musical.<\/p>\n\n\n\n<figure class=\"wp-block-image size-large\"><img loading=\"lazy\" decoding=\"async\" width=\"1024\" height=\"562\" src=\"https:\/\/elpajaritonews.com\/wp-content\/uploads\/2025\/04\/PV17uNSwY40XFJ8wjU3rczyEOD26qtM4P5NIUoldg17YfxJW-1024x562.webp\" alt=\"\" class=\"wp-image-65563\" srcset=\"https:\/\/elpajaritonews.com\/wp-content\/uploads\/2025\/04\/PV17uNSwY40XFJ8wjU3rczyEOD26qtM4P5NIUoldg17YfxJW-1024x562.webp 1024w, https:\/\/elpajaritonews.com\/wp-content\/uploads\/2025\/04\/PV17uNSwY40XFJ8wjU3rczyEOD26qtM4P5NIUoldg17YfxJW-300x165.webp 300w, https:\/\/elpajaritonews.com\/wp-content\/uploads\/2025\/04\/PV17uNSwY40XFJ8wjU3rczyEOD26qtM4P5NIUoldg17YfxJW-768x422.webp 768w, https:\/\/elpajaritonews.com\/wp-content\/uploads\/2025\/04\/PV17uNSwY40XFJ8wjU3rczyEOD26qtM4P5NIUoldg17YfxJW-1536x843.webp 1536w, https:\/\/elpajaritonews.com\/wp-content\/uploads\/2025\/04\/PV17uNSwY40XFJ8wjU3rczyEOD26qtM4P5NIUoldg17YfxJW.webp 1920w\" sizes=\"auto, (max-width: 1024px) 100vw, 1024px\" \/><\/figure>\n\n\n\n<p class=\"wp-block-paragraph\">Las inscripciones est\u00e1n abiertas del 28 de abril al 30 de mayo de 2025.<\/p>\n\n\n\n<p class=\"wp-block-paragraph\">\u00a1Forma parte de la nueva generaci\u00f3n de m\u00fasica mexicana e inscr\u00edbete!<\/p>\n\n\n\n<p class=\"wp-block-paragraph\">\u00bfC\u00f3mo participar?<\/p>\n\n\n\n<p class=\"wp-block-paragraph\">Ingresa a mexicocanta.gob.mx\/registrar para comenzar tu registro.<\/p>\n\n\n\n<p class=\"wp-block-paragraph\">Completa el formulario con la informaci\u00f3n solicitada y verifica tus datos<\/p>\n\n\n\n<p class=\"wp-block-paragraph\">Revisa tu correo electr\u00f3nico con la confirmaci\u00f3n de tu participaci\u00f3n<\/p>\n\n\n\n<p class=\"wp-block-paragraph\">Consulta las actualizaciones sobre tu participaci\u00f3n en tu correo electr\u00f3nico<\/p>\n\n\n\n<p class=\"wp-block-paragraph\">Etapas del concurso<\/p>\n\n\n\n<p class=\"wp-block-paragraph\">Rumbo a la gran final<\/p>\n\n\n\n<p class=\"wp-block-paragraph\">Lugares:<\/p>\n\n\n\n<p class=\"wp-block-paragraph\">Tijuana (Norte &#8211; 7 de septiembre)<\/p>\n\n\n\n<p class=\"wp-block-paragraph\">Ciudad de M\u00e9xico (Centro &#8211; 14 de septiembre)<\/p>\n\n\n\n<p class=\"wp-block-paragraph\">Oaxaca (Sur &#8211; 21 de septiembre)<\/p>\n\n\n\n<p class=\"wp-block-paragraph\">Gran final: Durango (5 de octubre)<\/p>\n\n\n\n<p class=\"wp-block-paragraph\">Chicago (Este &#8211; 17 de agosto)<\/p>\n\n\n\n<p class=\"wp-block-paragraph\">Houston (Centro &#8211; 24 de agosto)<\/p>\n\n\n\n<p class=\"wp-block-paragraph\">Los \u00c1ngeles (Oeste &#8211; 31 de agosto)<\/p>\n\n\n\n<p class=\"wp-block-paragraph\">Fases del concurso<\/p>\n\n\n\n<p class=\"wp-block-paragraph\">Inscripciones<\/p>\n\n\n\n<p class=\"wp-block-paragraph\">Del 28 de abril al 30 de mayo de 2025<\/p>\n\n\n\n<p class=\"wp-block-paragraph\">Primera selecci\u00f3n<\/p>\n\n\n\n<p class=\"wp-block-paragraph\">Del 31 de mayo al 4 de julio de 2025<\/p>\n\n\n\n<p class=\"wp-block-paragraph\">Eliminatoria estatal<\/p>\n\n\n\n<p class=\"wp-block-paragraph\">Del 5 de julio al 8 de agosto de 2025<\/p>\n\n\n\n<p class=\"wp-block-paragraph\">Eliminatorias regionales<\/p>\n\n\n\n<p class=\"wp-block-paragraph\">Del 17 de agosto al 21 de septiembre de 2025<\/p>\n\n\n\n<p class=\"wp-block-paragraph\">Gran fina<\/p>\n\n\n\n<p class=\"wp-block-paragraph\">5 de octubre de 2025 en Durango, M\u00e9xico<\/p>\n\n\n\n<p class=\"wp-block-paragraph\">Tu oportunidad para entrar a la industria musical est\u00e1 aqu\u00ed:<\/p>\n\n\n\n<p class=\"wp-block-paragraph\"><a href=\"https:\/\/www.mexicocanta.gob.mx\/registrar\">https:\/\/www.mexicocanta.gob.mx\/registrar<\/a><\/p>\n\n\n\n<figure class=\"wp-block-image size-large\"><img loading=\"lazy\" decoding=\"async\" width=\"1024\" height=\"576\" src=\"https:\/\/elpajaritonews.com\/wp-content\/uploads\/2025\/04\/PV17uNSwY40XJ20vBXoqP75sfxbr1jKwTuvYRmEZXlS43gt0-1024x576.webp\" alt=\"\" class=\"wp-image-65564\" srcset=\"https:\/\/elpajaritonews.com\/wp-content\/uploads\/2025\/04\/PV17uNSwY40XJ20vBXoqP75sfxbr1jKwTuvYRmEZXlS43gt0-1024x576.webp 1024w, https:\/\/elpajaritonews.com\/wp-content\/uploads\/2025\/04\/PV17uNSwY40XJ20vBXoqP75sfxbr1jKwTuvYRmEZXlS43gt0-300x169.webp 300w, https:\/\/elpajaritonews.com\/wp-content\/uploads\/2025\/04\/PV17uNSwY40XJ20vBXoqP75sfxbr1jKwTuvYRmEZXlS43gt0-768x432.webp 768w, https:\/\/elpajaritonews.com\/wp-content\/uploads\/2025\/04\/PV17uNSwY40XJ20vBXoqP75sfxbr1jKwTuvYRmEZXlS43gt0.webp 1080w\" sizes=\"auto, (max-width: 1024px) 100vw, 1024px\" \/><\/figure>\n\n\n\n<p class=\"wp-block-paragraph\">Al 27 de Abril 2015 el portal permenece la pagina cerrada:<\/p>\n\n\n\n<figure class=\"wp-block-image size-full\"><img loading=\"lazy\" decoding=\"async\" width=\"908\" height=\"659\" src=\"https:\/\/elpajaritonews.com\/wp-content\/uploads\/2025\/04\/gfgfg.jpg\" alt=\"\" class=\"wp-image-65566\" srcset=\"https:\/\/elpajaritonews.com\/wp-content\/uploads\/2025\/04\/gfgfg.jpg 908w, https:\/\/elpajaritonews.com\/wp-content\/uploads\/2025\/04\/gfgfg-300x218.jpg 300w, https:\/\/elpajaritonews.com\/wp-content\/uploads\/2025\/04\/gfgfg-768x557.jpg 768w\" sizes=\"auto, (max-width: 908px) 100vw, 908px\" \/><\/figure>\n","protected":false},"excerpt":{"rendered":"<p>EL RESPALDO DE LA INDUSTRIA MUSICAL PARA NUEVAS OPORTUNIDADES CREATIVAS QUE TE FACILITE INCURSIONAR EN EL \u00c1MBITO PROFESSIONAL M\u00e9xico Canta Es una iniciativa del Gobierno de M\u00e9xico, a trav\u00e9s de la Secretar\u00eda de Cultura, en colaboraci\u00f3n con el Consejo Mexicano de la M\u00fasica. El concurso surge con el objetivo de crear nuevas narrativas musicales que&#8230;<\/p>\n","protected":false},"author":2,"featured_media":65560,"comment_status":"closed","ping_status":"closed","sticky":false,"template":"","format":"standard","meta":{"_crdt_document":"","_exactmetrics_skip_tracking":false,"_exactmetrics_sitenote_active":false,"_exactmetrics_sitenote_note":"","_exactmetrics_sitenote_category":0,"footnotes":""},"categories":[17,18,33,22,89,88,23,38,24,31,1,27,84,69,65],"tags":[71,72,74,28,75,30],"class_list":["post-65559","post","type-post","status-publish","format-standard","has-post-thumbnail","hentry","category-arizona","category-ciencia","category-educacion","category-escena","category-estados-unidos","category-justicia","category-mexico","category-migracion","category-mundo","category-politica","category-seguridad","category-sonora","category-turismo","category-ultimas-noticias","category-videos","tag-alfonso-durazo","tag-claudia-sheinbaum","tag-hermosillo","tag-nogales","tag-seguridad-publica","tag-sonora-tierra-de-oportunidades"],"_links":{"self":[{"href":"https:\/\/elpajaritonews.com\/index.php?rest_route=\/wp\/v2\/posts\/65559","targetHints":{"allow":["GET"]}}],"collection":[{"href":"https:\/\/elpajaritonews.com\/index.php?rest_route=\/wp\/v2\/posts"}],"about":[{"href":"https:\/\/elpajaritonews.com\/index.php?rest_route=\/wp\/v2\/types\/post"}],"author":[{"embeddable":true,"href":"https:\/\/elpajaritonews.com\/index.php?rest_route=\/wp\/v2\/users\/2"}],"replies":[{"embeddable":true,"href":"https:\/\/elpajaritonews.com\/index.php?rest_route=%2Fwp%2Fv2%2Fcomments&post=65559"}],"version-history":[{"count":2,"href":"https:\/\/elpajaritonews.com\/index.php?rest_route=\/wp\/v2\/posts\/65559\/revisions"}],"predecessor-version":[{"id":65567,"href":"https:\/\/elpajaritonews.com\/index.php?rest_route=\/wp\/v2\/posts\/65559\/revisions\/65567"}],"wp:featuredmedia":[{"embeddable":true,"href":"https:\/\/elpajaritonews.com\/index.php?rest_route=\/wp\/v2\/media\/65560"}],"wp:attachment":[{"href":"https:\/\/elpajaritonews.com\/index.php?rest_route=%2Fwp%2Fv2%2Fmedia&parent=65559"}],"wp:term":[{"taxonomy":"category","embeddable":true,"href":"https:\/\/elpajaritonews.com\/index.php?rest_route=%2Fwp%2Fv2%2Fcategories&post=65559"},{"taxonomy":"post_tag","embeddable":true,"href":"https:\/\/elpajaritonews.com\/index.php?rest_route=%2Fwp%2Fv2%2Ftags&post=65559"}],"curies":[{"name":"wp","href":"https:\/\/api.w.org\/{rel}","templated":true}]}}