{"id":65607,"date":"2025-05-01T17:52:06","date_gmt":"2025-05-02T00:52:06","guid":{"rendered":"https:\/\/elpajaritonews.com\/?p=65607"},"modified":"2025-05-01T17:52:08","modified_gmt":"2025-05-02T00:52:08","slug":"reportan-dos-incendios-activos-en-sierra-de-sonora-y-un-incendio-en-la-zona-industrial-de-hermosillo","status":"publish","type":"post","link":"https:\/\/elpajaritonews.com\/?p=65607","title":{"rendered":"REPORTAN DOS INCENDIOS ACTIVOS EN SIERRA DE SONORA Y UN INCENDIO EN LA ZONA INDUSTRIAL DE HERMOSILLO"},"content":{"rendered":"\n<p class=\"wp-block-paragraph\">Dos incendios forestales de gran magnitud contin\u00faan activos en la sierra de Sonora, uno en Bavispe que ha persistido por varios d\u00edas y otro en N\u00e1cori Chico; en tanto, en la capital del estado, cuerpos de emergencia atendieron una conflagraci\u00f3n en una zona industrial, sin reporte de personas lesionadas.<\/p>\n\n\n\n<p class=\"wp-block-paragraph\">Un total de 38 combatientes, entre ellos personal de la Comisi\u00f3n Nacional Forestal (Conafor), funcionarios municipales y rancheros locales trabajan en el predio Los Mojones, en el municipio de N\u00e1cori Chico, para contener un fuego forestal, que hasta este jueves alcanzaba un 30 por ciento de control y un 25 por ciento de liquidaci\u00f3n.<\/p>\n\n\n\n<p class=\"wp-block-paragraph\">El coordinador estatal de Protecci\u00f3n Civil (PC), Armando Casta\u00f1eda S\u00e1nchez, reconoci\u00f3 la labor de la Conafor, que ha desplegado recursos humanos y t\u00e9cnicos para enfrentar la contingencia.<\/p>\n\n\n\n<p class=\"wp-block-paragraph\">Mientras, en Bavispe, el fuego ha afectado m\u00e1s de tres mil hect\u00e1reas en el predio Los Caballos, donde laboran 37 brigadistas de distintas dependencias, incluyendo la Comisi\u00f3n Nacional de \u00c1reas Naturales Protegidas (Conanp), la Brigada Estatal de Manejo de Fuego de Sagarhpa y PC estatal y municipal, as\u00ed como voluntarios. El siniestro tiene un 90 por ciento de control y un 70 por ciento de liquidaci\u00f3n.<\/p>\n\n\n\n<p class=\"wp-block-paragraph\">En otro punto del estado, elementos del Cuerpo de Bomberos de Hermosillo atendieron la ma\u00f1ana de este jueves un incendio en una tarimera, en la colonia Amapolas, al oriente de la ciudad. El fuego fue controlado r\u00e1pidamente y no se reportaron personas lesionadas ni riesgo de propagaci\u00f3n a otras \u00e1reas.<\/p>\n\n\n\n<p class=\"wp-block-paragraph\">En lo que va del a\u00f1o, Sonora se han registrado al menos 15 incendios forestales, los cuales afectaron un total de 2 mil 777 hect\u00e1reas de selva baja caducifolia, as\u00ed como de bosque de encino y pino, de acuerdo con el informe del Sistema Nacional de Informaci\u00f3n Forestal (Snif) de la Comisi\u00f3n Nacional Forestal (Conafor).<\/p>\n","protected":false},"excerpt":{"rendered":"<p>Dos incendios forestales de gran magnitud contin\u00faan activos en la sierra de Sonora, uno en Bavispe que ha persistido por varios d\u00edas y otro en N\u00e1cori Chico; en tanto, en la capital del estado, cuerpos de emergencia atendieron una conflagraci\u00f3n en una zona industrial, sin reporte de personas lesionadas. Un total de 38 combatientes, entre&#8230;<\/p>\n","protected":false},"author":2,"featured_media":65608,"comment_status":"closed","ping_status":"closed","sticky":false,"template":"","format":"standard","meta":{"_crdt_document":"","_exactmetrics_skip_tracking":false,"_exactmetrics_sitenote_active":false,"_exactmetrics_sitenote_note":"","_exactmetrics_sitenote_category":0,"footnotes":""},"categories":[26,37,1,27,69],"tags":[71,74,75,121],"class_list":["post-65607","post","type-post","status-publish","format-standard","has-post-thumbnail","hentry","category-local","category-medio-ambiente","category-seguridad","category-sonora","category-ultimas-noticias","tag-alfonso-durazo","tag-hermosillo","tag-seguridad-publica","tag-sonora"],"_links":{"self":[{"href":"https:\/\/elpajaritonews.com\/index.php?rest_route=\/wp\/v2\/posts\/65607","targetHints":{"allow":["GET"]}}],"collection":[{"href":"https:\/\/elpajaritonews.com\/index.php?rest_route=\/wp\/v2\/posts"}],"about":[{"href":"https:\/\/elpajaritonews.com\/index.php?rest_route=\/wp\/v2\/types\/post"}],"author":[{"embeddable":true,"href":"https:\/\/elpajaritonews.com\/index.php?rest_route=\/wp\/v2\/users\/2"}],"replies":[{"embeddable":true,"href":"https:\/\/elpajaritonews.com\/index.php?rest_route=%2Fwp%2Fv2%2Fcomments&post=65607"}],"version-history":[{"count":1,"href":"https:\/\/elpajaritonews.com\/index.php?rest_route=\/wp\/v2\/posts\/65607\/revisions"}],"predecessor-version":[{"id":65609,"href":"https:\/\/elpajaritonews.com\/index.php?rest_route=\/wp\/v2\/posts\/65607\/revisions\/65609"}],"wp:featuredmedia":[{"embeddable":true,"href":"https:\/\/elpajaritonews.com\/index.php?rest_route=\/wp\/v2\/media\/65608"}],"wp:attachment":[{"href":"https:\/\/elpajaritonews.com\/index.php?rest_route=%2Fwp%2Fv2%2Fmedia&parent=65607"}],"wp:term":[{"taxonomy":"category","embeddable":true,"href":"https:\/\/elpajaritonews.com\/index.php?rest_route=%2Fwp%2Fv2%2Fcategories&post=65607"},{"taxonomy":"post_tag","embeddable":true,"href":"https:\/\/elpajaritonews.com\/index.php?rest_route=%2Fwp%2Fv2%2Ftags&post=65607"}],"curies":[{"name":"wp","href":"https:\/\/api.w.org\/{rel}","templated":true}]}}