{"id":65610,"date":"2025-05-01T18:03:11","date_gmt":"2025-05-02T01:03:11","guid":{"rendered":"https:\/\/elpajaritonews.com\/?p=65610"},"modified":"2025-05-01T18:28:36","modified_gmt":"2025-05-02T01:28:36","slug":"gobernador-durazo-garantiza-seguridad-hidrica-en-nacori-chico-paulina-ocana","status":"publish","type":"post","link":"https:\/\/elpajaritonews.com\/?p=65610","title":{"rendered":"GOBERNADOR DURAZO GARANTIZA SEGURIDAD H\u00cdDRICA EN N\u00c1CORI CHICO: PAULINA OCA\u00d1A"},"content":{"rendered":"\n<p class=\"wp-block-paragraph\">Como parte de la estrategia estatal para garantizar la seguridad h\u00eddrica en el municipio de N\u00e1cori Chico y sus comunidades, el gobernador Alfonso Durazo Monta\u00f1o implementa diversas acciones con una inversi\u00f3n conjunta superior a los siete millones de pesos, enfocadas en asegurar el abasto eficiente y sustentable de agua potable.<\/p>\n\n\n\n<p class=\"wp-block-paragraph\">Por instrucci\u00f3n del mandatario estatal, se llev\u00f3 a cabo una supervisi\u00f3n de obras encabezada por parte de Paulina Oca\u00f1a, jefa de la Oficina del Ejecutivo Estatal; Ariel Monge, titular de la Comisi\u00f3n Estatal del Agua (CEA), y el alcalde Guillermo Anaya, quienes constataron el avance en la perforaci\u00f3n de un tercer pozo profundo y la operaci\u00f3n de dos pozos rehabilitados que en conjunto aportan un caudal de 10 litros por segundo, suficiente para cubrir las necesidades de la poblaci\u00f3n.<\/p>\n\n\n\n<p class=\"wp-block-paragraph\">\u201cEstamos en N\u00e1cori Chico porque nuestro gobernador Alfonso Durazo nos pidi\u00f3 venir personalmente a atender el tema del agua. Con los pozos rehabilitados se logra ya un caudal adecuado, pero el problema de fondo ha sido la red de distribuci\u00f3n: cerca del 80% del agua se estaba perdiendo por fugas. Ya se trabaja en eso, y tambi\u00e9n se est\u00e1 distribuyendo agua por pipas directamente a las casas. Vamos a seguir trabajando para resolverlo de manera definitiva\u201d, expres\u00f3 Paulina Oca\u00f1a.<\/p>\n\n\n\n<p class=\"wp-block-paragraph\">Adem\u00e1s, se realizan trabajos de sectorizaci\u00f3n y reparaci\u00f3n de fugas en la red de distribuci\u00f3n, la cual anteriormente ocasionaba la p\u00e9rdida de hasta el 80% del agua conducida debido al deterioro de la infraestructura. Estas labores se complementan con el uso de pipas para distribuir el l\u00edquido directamente a los hogares, mientras se concluyen las mejoras a la red.<\/p>\n\n\n\n<p class=\"wp-block-paragraph\">De forma complementaria, se llevaron a cabo labores de desazolve con equipo especializado en la red sanitaria y en los tanques de regulaci\u00f3n, que presentaban acumulaci\u00f3n significativa de sedimentos y materia org\u00e1nica. Estas acciones permiten mejorar la calidad del servicio integral de agua y saneamiento en la comunidad.<\/p>\n\n\n\n<p class=\"wp-block-paragraph\">Con estas acciones, el Gobierno de Sonora reafirma su compromiso de atender con soluciones estructurales el desabasto de agua en las regiones que m\u00e1s lo necesitan.<\/p>\n","protected":false},"excerpt":{"rendered":"<p>Como parte de la estrategia estatal para garantizar la seguridad h\u00eddrica en el municipio de N\u00e1cori Chico y sus comunidades, el gobernador Alfonso Durazo Monta\u00f1o implementa diversas acciones con una inversi\u00f3n conjunta superior a los siete millones de pesos, enfocadas en asegurar el abasto eficiente y sustentable de agua potable. Por instrucci\u00f3n del mandatario estatal,&#8230;<\/p>\n","protected":false},"author":2,"featured_media":65611,"comment_status":"closed","ping_status":"closed","sticky":false,"template":"","format":"standard","meta":{"_crdt_document":"","_exactmetrics_skip_tracking":false,"_exactmetrics_sitenote_active":false,"_exactmetrics_sitenote_note":"","_exactmetrics_sitenote_category":0,"footnotes":""},"categories":[37,31,1,27,69],"tags":[71,72,76,189,30],"class_list":["post-65610","post","type-post","status-publish","format-standard","has-post-thumbnail","hentry","category-medio-ambiente","category-politica","category-seguridad","category-sonora","category-ultimas-noticias","tag-alfonso-durazo","tag-claudia-sheinbaum","tag-medio-ambiente","tag-paulina-ocana","tag-sonora-tierra-de-oportunidades"],"_links":{"self":[{"href":"https:\/\/elpajaritonews.com\/index.php?rest_route=\/wp\/v2\/posts\/65610","targetHints":{"allow":["GET"]}}],"collection":[{"href":"https:\/\/elpajaritonews.com\/index.php?rest_route=\/wp\/v2\/posts"}],"about":[{"href":"https:\/\/elpajaritonews.com\/index.php?rest_route=\/wp\/v2\/types\/post"}],"author":[{"embeddable":true,"href":"https:\/\/elpajaritonews.com\/index.php?rest_route=\/wp\/v2\/users\/2"}],"replies":[{"embeddable":true,"href":"https:\/\/elpajaritonews.com\/index.php?rest_route=%2Fwp%2Fv2%2Fcomments&post=65610"}],"version-history":[{"count":1,"href":"https:\/\/elpajaritonews.com\/index.php?rest_route=\/wp\/v2\/posts\/65610\/revisions"}],"predecessor-version":[{"id":65612,"href":"https:\/\/elpajaritonews.com\/index.php?rest_route=\/wp\/v2\/posts\/65610\/revisions\/65612"}],"wp:featuredmedia":[{"embeddable":true,"href":"https:\/\/elpajaritonews.com\/index.php?rest_route=\/wp\/v2\/media\/65611"}],"wp:attachment":[{"href":"https:\/\/elpajaritonews.com\/index.php?rest_route=%2Fwp%2Fv2%2Fmedia&parent=65610"}],"wp:term":[{"taxonomy":"category","embeddable":true,"href":"https:\/\/elpajaritonews.com\/index.php?rest_route=%2Fwp%2Fv2%2Fcategories&post=65610"},{"taxonomy":"post_tag","embeddable":true,"href":"https:\/\/elpajaritonews.com\/index.php?rest_route=%2Fwp%2Fv2%2Ftags&post=65610"}],"curies":[{"name":"wp","href":"https:\/\/api.w.org\/{rel}","templated":true}]}}