{"id":65658,"date":"2025-05-03T20:14:43","date_gmt":"2025-05-04T03:14:43","guid":{"rendered":"https:\/\/elpajaritonews.com\/?p=65658"},"modified":"2025-05-03T20:14:45","modified_gmt":"2025-05-04T03:14:45","slug":"beneficia-presidenta-sheinbaum-a-pueblos-originarios-a-traves-del-fais-piam-almada-palafox","status":"publish","type":"post","link":"https:\/\/elpajaritonews.com\/?p=65658","title":{"rendered":"BENEFICIA PRESIDENTA SHEINBAUM A PUEBLOS ORIGINARIOS A TRAV\u00c9S DEL FAIS-PIAM: ALMADA PALAFOX"},"content":{"rendered":"\n<p class=\"wp-block-paragraph\">\u2022 En Sonora, las comunidades ind\u00edgenas y afromexicanas recibir\u00e1n recursos de manera directa para atender sus necesidades<\/p>\n\n\n\n<p class=\"wp-block-paragraph\">\u2022 Del 09 de abril al 31 de mayo se realizan las Asambleas Comunitarias para elegir los Comit\u00e9s que ejercer\u00e1n el monto asignado<\/p>\n\n\n\n<p class=\"wp-block-paragraph\">Para identificar las necesidades de infraestructura social b\u00e1sica y acordar las obras a ejecutar, en Sonora se han conformado Comit\u00e9s de Administraci\u00f3n y Comit\u00e9s de Vigilancia del Componente Ind\u00edgena del Fondo de Aportaciones para la Infraestructura Social (FAISPIAM).<\/p>\n\n\n\n<p class=\"wp-block-paragraph\">El Delegado de Programas para el Bienestar en Sonora, Octavio Almada Palafox, subray\u00f3 que, en un hecho hist\u00f3rico, por primera vez se destinar\u00e1n de manera directa estos fondos a pueblos y comunidades ind\u00edgenas en el pa\u00eds y en Sonora.<\/p>\n\n\n\n<p class=\"wp-block-paragraph\">\u201cHay que recordar que el 16 de enero la Presidenta de M\u00e9xico, Claudia Sheinbaum Pardo, junto con los gobernadores, gobernadoras y la jefa de Gobierno de la Ciudad de M\u00e9xico, en un hecho hist\u00f3rico e in\u00e9dito, firmaron el convenio de creaci\u00f3n de este componente ind\u00edgena; un acto de justicia social para los pueblos originarios\u201d, enfatiz\u00f3.<\/p>\n\n\n\n<p class=\"wp-block-paragraph\">Para el estado de Sonora se destinar\u00e1n m\u00e1s de 134 millones de pesos en beneficio de 34 localidades ind\u00edgenas de 12 municipios, detall\u00f3 Almada Palafox, adem\u00e1s que los recursos llegar\u00e1n de manera directa a los Comit\u00e9s de Administraci\u00f3n de cada Pueblo y Comunidad Ind\u00edgena que se conforme.<\/p>\n\n\n\n<p class=\"wp-block-paragraph\">Hasta la fecha, inform\u00f3 el Delegado de Programas para el Bienestar en Sonora, se han realizado 16 de las 33 asambleas que iniciaron el 09 de abril y finalizan<\/p>\n\n\n\n<p class=\"wp-block-paragraph\">el 31 de mayo, gracias al trabajo coordinado de los Servidores de la Naci\u00f3n, el Instituto Nacional de los Pueblos Ind\u00edgenas y el Gobierno del Estado de Sonora.<\/p>\n\n\n\n<p class=\"wp-block-paragraph\">El delegado Almada Palafox expuso que las localidades donde se han llevado a cabo las asambleas son: Punta Chueca, El Kipor, Los Baj\u00edos, San Jos\u00e9, Los Jacalitos, Macoyahui, Macorahui, Camoa, Agiabampo 1, Moc\u00fazarit, Guajaray, Los Estrados, Quitovac, Pozas de Arvizu, Mesa Colorada y Los Buayums, puntos donde se asientan los pueblos Guarij\u00edo, Seri, Pima, Mayo, Tohono O\u00b4odham y Cucap\u00e1.<\/p>\n\n\n\n<p class=\"wp-block-paragraph\">Indic\u00f3 que a estas 16 asambleas que se han efectuado en el estado han asistido m\u00e1s de 1,500 personas de los pueblos originarios, quienes han manifestado un gran inter\u00e9s por participar en las decisiones en beneficio de sus comunidades.<\/p>\n\n\n\n<p class=\"wp-block-paragraph\">\u201cPor instrucciones de la Presidenta Claudia Sheinbaum Pardo, y con su ejemplo, continuamos trabajando todos los d\u00edas en beneficio de los sonorenses para consolidar el Segundo Piso de la Cuarta Transformaci\u00f3n en la entidad\u201d, concluy\u00f3 el delegado.<\/p>\n","protected":false},"excerpt":{"rendered":"<p>\u2022 En Sonora, las comunidades ind\u00edgenas y afromexicanas recibir\u00e1n recursos de manera directa para atender sus necesidades \u2022 Del 09 de abril al 31 de mayo se realizan las Asambleas Comunitarias para elegir los Comit\u00e9s que ejercer\u00e1n el monto asignado Para identificar las necesidades de infraestructura social b\u00e1sica y acordar las obras a ejecutar, en&#8230;<\/p>\n","protected":false},"author":2,"featured_media":65659,"comment_status":"closed","ping_status":"closed","sticky":false,"template":"","format":"standard","meta":{"_crdt_document":"","_exactmetrics_skip_tracking":false,"_exactmetrics_sitenote_active":false,"_exactmetrics_sitenote_note":"","_exactmetrics_sitenote_category":0,"footnotes":""},"categories":[80,36,23,31,27,69],"tags":[71,72,101],"class_list":["post-65658","post","type-post","status-publish","format-standard","has-post-thumbnail","hentry","category-derechos-humanos","category-economia","category-mexico","category-politica","category-sonora","category-ultimas-noticias","tag-alfonso-durazo","tag-claudia-sheinbaum","tag-octavio-almada-palafox"],"_links":{"self":[{"href":"https:\/\/elpajaritonews.com\/index.php?rest_route=\/wp\/v2\/posts\/65658","targetHints":{"allow":["GET"]}}],"collection":[{"href":"https:\/\/elpajaritonews.com\/index.php?rest_route=\/wp\/v2\/posts"}],"about":[{"href":"https:\/\/elpajaritonews.com\/index.php?rest_route=\/wp\/v2\/types\/post"}],"author":[{"embeddable":true,"href":"https:\/\/elpajaritonews.com\/index.php?rest_route=\/wp\/v2\/users\/2"}],"replies":[{"embeddable":true,"href":"https:\/\/elpajaritonews.com\/index.php?rest_route=%2Fwp%2Fv2%2Fcomments&post=65658"}],"version-history":[{"count":1,"href":"https:\/\/elpajaritonews.com\/index.php?rest_route=\/wp\/v2\/posts\/65658\/revisions"}],"predecessor-version":[{"id":65660,"href":"https:\/\/elpajaritonews.com\/index.php?rest_route=\/wp\/v2\/posts\/65658\/revisions\/65660"}],"wp:featuredmedia":[{"embeddable":true,"href":"https:\/\/elpajaritonews.com\/index.php?rest_route=\/wp\/v2\/media\/65659"}],"wp:attachment":[{"href":"https:\/\/elpajaritonews.com\/index.php?rest_route=%2Fwp%2Fv2%2Fmedia&parent=65658"}],"wp:term":[{"taxonomy":"category","embeddable":true,"href":"https:\/\/elpajaritonews.com\/index.php?rest_route=%2Fwp%2Fv2%2Fcategories&post=65658"},{"taxonomy":"post_tag","embeddable":true,"href":"https:\/\/elpajaritonews.com\/index.php?rest_route=%2Fwp%2Fv2%2Ftags&post=65658"}],"curies":[{"name":"wp","href":"https:\/\/api.w.org\/{rel}","templated":true}]}}