{"id":65676,"date":"2025-05-04T17:49:57","date_gmt":"2025-05-05T00:49:57","guid":{"rendered":"https:\/\/elpajaritonews.com\/?p=65676"},"modified":"2025-05-04T17:50:00","modified_gmt":"2025-05-05T00:50:00","slug":"aprueba-iee-sonora-criterios-para-la-organizacion-de-foros-de-debate-de-eleccion-del-poder-judicial-2025","status":"publish","type":"post","link":"https:\/\/elpajaritonews.com\/?p=65676","title":{"rendered":"APRUEBA IEE SONORA CRITERIOS PARA LA ORGANIZACI\u00d3N DE FOROS DE DEBATE DE ELECCI\u00d3N DEL PODER JUDICIAL 2025"},"content":{"rendered":"\n<p class=\"wp-block-paragraph\">El Consejo General del Instituto Estatal Electoral y de Participaci\u00f3n Ciudadana de Sonora (IEE Sonora) aprob\u00f3 los Criterios para la organizaci\u00f3n y celebraci\u00f3n de los foros de debate entre las candidaturas a los cargos de magistraturas, juezas y jueces del Poder Judicial del Estado de Sonora, aplicables en el marco del Proceso Electoral Extraordinario del Poder Judicial Local 2025. Asimismo, contemplan lo relativo a la creaci\u00f3n y funcionamiento de la Plataforma Foros de Debate 2025.<\/p>\n\n\n\n<p class=\"wp-block-paragraph\">Dichos criterios tienen por objeto establecer las bases generales para la organizaci\u00f3n, celebraci\u00f3n y difusi\u00f3n de foros de debate entre personas candidatas a las magistraturas del Supremo Tribunal de Justicia, del Tribunal de Disciplina Judicial, de los Tribunales Colegiados Regionales de Circuito, as\u00ed como a los cargos de juezas y jueces, que integrar\u00e1n el Poder Judicial del Estado de Sonora.&nbsp;<\/p>\n\n\n\n<p class=\"wp-block-paragraph\">El documento establece que los foros de debate podr\u00e1n ser organizados por medios de comunicaci\u00f3n, instituciones acad\u00e9micas, organizaciones de la sociedad civil, y cualquier persona moral de los sectores p\u00fablico, privado o social, siempre que se garantice el cumplimiento de los requisitos establecidos. Estos ejercicios deber\u00e1n observar en todo momento los principios de igualdad y no discriminaci\u00f3n, equidad, paridad de g\u00e9nero, trato igualitario, inclusi\u00f3n y m\u00e1xima publicidad, en t\u00e9rminos de la Ley de Instituciones y Procedimientos Electorales para el Estado de Sonora.<\/p>\n\n\n\n<p class=\"wp-block-paragraph\">Los foros se celebrar\u00e1n exclusivamente durante el periodo de campa\u00f1a y podr\u00e1n realizarse de manera presencial o en l\u00ednea. Para garantizar su validez, las instancias organizadoras deber\u00e1n presentar un aviso de intenci\u00f3n con al menos tres d\u00edas h\u00e1biles de anticipaci\u00f3n, detallando el formato, lugar, participantes, moderaci\u00f3n, temas y evidencia de convocatoria a todas las candidaturas del mismo tipo de elecci\u00f3n, cargo, materia, circuito y g\u00e9nero.<\/p>\n\n\n\n<p class=\"wp-block-paragraph\">Como parte de este esfuerzo, el IEE Sonora habilitar\u00e1 la Plataforma Foros de Debate 2025, una herramienta digital accesible y permanente donde las personas candidatas podr\u00e1n presentarse, si as\u00ed lo desean, a exponer su visi\u00f3n sobre temas jurisdiccionales y responder preguntas estructuradas, as\u00ed como difundir su postura respecto a temas de trascendencia judicial o jurisdiccional. Esta plataforma busca garantizar el derecho de la ciudadan\u00eda a informarse, utilizando tecnolog\u00edas de la informaci\u00f3n para ampliar el alcance y facilitar la participaci\u00f3n.<\/p>\n\n\n\n<p class=\"wp-block-paragraph\">Tanto los foros presenciales como los virtuales deber\u00e1n respetar los formatos establecidos, las reglas de conducta y el enfoque inclusivo, con la moderaci\u00f3n a cargo de personas imparciales que cumplan con los requisitos previstos. En el caso de los foros presenciales, tambi\u00e9n se prev\u00e9n medidas de orden, seguridad, accesibilidad y transparencia en su documentaci\u00f3n y difusi\u00f3n.<\/p>\n\n\n\n<p class=\"wp-block-paragraph\">Con la aprobaci\u00f3n de estos criterios, el IEE Sonora reafirma su compromiso con una contienda equitativa, transparente y centrada en la ciudadan\u00eda, garantizando el acceso abierto a la informaci\u00f3n y promoviendo el ejercicio de un voto razonado en la Jornada Electoral del pr\u00f3ximo 1 de junio.<\/p>\n\n\n\n<p class=\"wp-block-paragraph\">En la sesi\u00f3n estuvieron presentes el consejero presidente, Nery Ruiz Arvizu; las consejeras electorales Alma Lorena Alonso Valdivia, Linda Viridiana Calder\u00f3n Monta\u00f1o y Flor Terecita Barcel\u00f3 Noriega; as\u00ed como los consejeros Benjam\u00edn Hern\u00e1ndez Avalos, Wilfredo Rom\u00e1n Morales Silva, adem\u00e1s del secretario ejecutivo, Fernando Chapetti Siordia; y de manera virtual el consejero Jaime Olea Miranda.<\/p>\n","protected":false},"excerpt":{"rendered":"<p>El Consejo General del Instituto Estatal Electoral y de Participaci\u00f3n Ciudadana de Sonora (IEE Sonora) aprob\u00f3 los Criterios para la organizaci\u00f3n y celebraci\u00f3n de los foros de debate entre las candidaturas a los cargos de magistraturas, juezas y jueces del Poder Judicial del Estado de Sonora, aplicables en el marco del Proceso Electoral Extraordinario del&#8230;<\/p>\n","protected":false},"author":2,"featured_media":65677,"comment_status":"closed","ping_status":"closed","sticky":false,"template":"","format":"standard","meta":{"_crdt_document":"","_exactmetrics_skip_tracking":false,"_exactmetrics_sitenote_active":false,"_exactmetrics_sitenote_note":"","_exactmetrics_sitenote_category":0,"footnotes":""},"categories":[88,26,1,27,69],"tags":[71,72,73,74,277,28],"class_list":["post-65676","post","type-post","status-publish","format-standard","has-post-thumbnail","hentry","category-justicia","category-local","category-seguridad","category-sonora","category-ultimas-noticias","tag-alfonso-durazo","tag-claudia-sheinbaum","tag-congreso-del-estado-de-sonora","tag-hermosillo","tag-iee-sonora","tag-nogales"],"_links":{"self":[{"href":"https:\/\/elpajaritonews.com\/index.php?rest_route=\/wp\/v2\/posts\/65676","targetHints":{"allow":["GET"]}}],"collection":[{"href":"https:\/\/elpajaritonews.com\/index.php?rest_route=\/wp\/v2\/posts"}],"about":[{"href":"https:\/\/elpajaritonews.com\/index.php?rest_route=\/wp\/v2\/types\/post"}],"author":[{"embeddable":true,"href":"https:\/\/elpajaritonews.com\/index.php?rest_route=\/wp\/v2\/users\/2"}],"replies":[{"embeddable":true,"href":"https:\/\/elpajaritonews.com\/index.php?rest_route=%2Fwp%2Fv2%2Fcomments&post=65676"}],"version-history":[{"count":1,"href":"https:\/\/elpajaritonews.com\/index.php?rest_route=\/wp\/v2\/posts\/65676\/revisions"}],"predecessor-version":[{"id":65678,"href":"https:\/\/elpajaritonews.com\/index.php?rest_route=\/wp\/v2\/posts\/65676\/revisions\/65678"}],"wp:featuredmedia":[{"embeddable":true,"href":"https:\/\/elpajaritonews.com\/index.php?rest_route=\/wp\/v2\/media\/65677"}],"wp:attachment":[{"href":"https:\/\/elpajaritonews.com\/index.php?rest_route=%2Fwp%2Fv2%2Fmedia&parent=65676"}],"wp:term":[{"taxonomy":"category","embeddable":true,"href":"https:\/\/elpajaritonews.com\/index.php?rest_route=%2Fwp%2Fv2%2Fcategories&post=65676"},{"taxonomy":"post_tag","embeddable":true,"href":"https:\/\/elpajaritonews.com\/index.php?rest_route=%2Fwp%2Fv2%2Ftags&post=65676"}],"curies":[{"name":"wp","href":"https:\/\/api.w.org\/{rel}","templated":true}]}}