{"id":65679,"date":"2025-05-04T18:24:34","date_gmt":"2025-05-05T01:24:34","guid":{"rendered":"https:\/\/elpajaritonews.com\/?p=65679"},"modified":"2025-05-04T18:24:37","modified_gmt":"2025-05-05T01:24:37","slug":"bukele-vs-el-medio-de-comunicacion-el-faro","status":"publish","type":"post","link":"https:\/\/elpajaritonews.com\/?p=65679","title":{"rendered":"BUKELE VS EL MEDIO DE COMUNICACI\u00d3N EL FARO"},"content":{"rendered":"\n<p class=\"wp-block-paragraph\">Bukele vs El Faro: qu\u00e9 hay detr\u00e1s del enfrentamiento del popular presidente de El Salvador con uno de los medios m\u00e1s prestigiosos del continente<\/p>\n\n\n\n<p class=\"wp-block-paragraph\">Uno de los mandatarios m\u00e1s populares de Am\u00e9rica Latina parece haberle declarado la guerra a uno de los medios de comunicaci\u00f3n m\u00e1s prestigiosos de la regi\u00f3n.<\/p>\n\n\n\n<p class=\"wp-block-paragraph\">Y los \u00abataques\u00bb del presidente salvadore\u00f1o Nayib Bukele en contra del portal digital local El Faro han hecho sonar campanadas de alerta en todo el continente.<\/p>\n\n\n\n<p class=\"wp-block-paragraph\">\u00abLa Fundaci\u00f3n Gabo me envi\u00f3 una carta firmada por m\u00e1s de 500 periodistas y escritores alarmados por los ataques de Nayib Bukele a la prensa en El Salvador\u00bb, inform\u00f3 la semana pasada el relator especial para la Libertad de Expresi\u00f3n de la Comisi\u00f3n Interamericana de Derechos Humanos (CIDH), Edison Lanza.<\/p>\n\n\n\n<p class=\"wp-block-paragraph\">\u00abDenuncian retaliaci\u00f3n a El Faro por su investigaci\u00f3n sobre negociaci\u00f3n gobierno-maras. Vamos a dar seguimiento\u00bb, detall\u00f3 Lanza v\u00eda Twitter.<\/p>\n\n\n\n<p class=\"wp-block-paragraph\">Ya antes organizaciones gremiales y de defensa de la libertad de prensa y los derechos humanos, como la Sociedad Interamericana de Prensa (SIP), Art\u00edculo 19 y el Comit\u00e9 para la Protecci\u00f3n de Periodistas, entre muchas otras, tambi\u00e9n hab\u00edan hecho sonar la alerta.<\/p>\n\n\n\n<figure class=\"wp-block-embed is-type-video is-provider-youtube wp-block-embed-youtube wp-embed-aspect-16-9 wp-has-aspect-ratio\"><div class=\"wp-block-embed__wrapper\">\n<iframe loading=\"lazy\" title=\"Confesiones de un l\u00edder pandillero que pact\u00f3 con Bukele - Parte 1\" width=\"640\" height=\"360\" src=\"https:\/\/www.youtube.com\/embed\/ZAdcoYRhr70?start=2446&#038;feature=oembed\" frameborder=\"0\" allow=\"accelerometer; autoplay; clipboard-write; encrypted-media; gyroscope; picture-in-picture; web-share\" referrerpolicy=\"strict-origin-when-cross-origin\" allowfullscreen><\/iframe>\n<\/div><\/figure>\n\n\n\n<figure class=\"wp-block-embed is-type-video is-provider-youtube wp-block-embed-youtube wp-embed-aspect-16-9 wp-has-aspect-ratio\"><div class=\"wp-block-embed__wrapper\">\n<iframe loading=\"lazy\" title=\"\u201cSin cuerpo no hay delito\u201d: confesiones del pacto con Bukele -Parte 2\" width=\"640\" height=\"360\" src=\"https:\/\/www.youtube.com\/embed\/uAwT1F924xE?start=11&#038;feature=oembed\" frameborder=\"0\" allow=\"accelerometer; autoplay; clipboard-write; encrypted-media; gyroscope; picture-in-picture; web-share\" referrerpolicy=\"strict-origin-when-cross-origin\" allowfullscreen><\/iframe>\n<\/div><\/figure>\n\n\n\n<figure class=\"wp-block-embed is-type-video is-provider-youtube wp-block-embed-youtube wp-embed-aspect-16-9 wp-has-aspect-ratio\"><div class=\"wp-block-embed__wrapper\">\n<iframe loading=\"lazy\" title=\"&quot;Cuando cay\u00f3 la llamada me quitaron las esposas&quot;: confesiones del pacto con Bukele- Parte 3\" width=\"640\" height=\"360\" src=\"https:\/\/www.youtube.com\/embed\/cPhuaV-Z0To?feature=oembed\" frameborder=\"0\" allow=\"accelerometer; autoplay; clipboard-write; encrypted-media; gyroscope; picture-in-picture; web-share\" referrerpolicy=\"strict-origin-when-cross-origin\" allowfullscreen><\/iframe>\n<\/div><\/figure>\n","protected":false},"excerpt":{"rendered":"<p>Bukele vs El Faro: qu\u00e9 hay detr\u00e1s del enfrentamiento del popular presidente de El Salvador con uno de los medios m\u00e1s prestigiosos del continente Uno de los mandatarios m\u00e1s populares de Am\u00e9rica Latina parece haberle declarado la guerra a uno de los medios de comunicaci\u00f3n m\u00e1s prestigiosos de la regi\u00f3n. Y los \u00abataques\u00bb del presidente&#8230;<\/p>\n","protected":false},"author":2,"featured_media":65680,"comment_status":"closed","ping_status":"closed","sticky":false,"template":"","format":"standard","meta":{"_crdt_document":"","_exactmetrics_skip_tracking":false,"_exactmetrics_sitenote_active":false,"_exactmetrics_sitenote_note":"","_exactmetrics_sitenote_category":0,"footnotes":""},"categories":[17,80,88,24,31,1,69,65],"tags":[302,199,202,75],"class_list":["post-65679","post","type-post","status-publish","format-standard","has-post-thumbnail","hentry","category-arizona","category-derechos-humanos","category-justicia","category-mundo","category-politica","category-seguridad","category-ultimas-noticias","category-videos","tag-el-faro","tag-el-salvador","tag-nayib-bukele","tag-seguridad-publica"],"_links":{"self":[{"href":"https:\/\/elpajaritonews.com\/index.php?rest_route=\/wp\/v2\/posts\/65679","targetHints":{"allow":["GET"]}}],"collection":[{"href":"https:\/\/elpajaritonews.com\/index.php?rest_route=\/wp\/v2\/posts"}],"about":[{"href":"https:\/\/elpajaritonews.com\/index.php?rest_route=\/wp\/v2\/types\/post"}],"author":[{"embeddable":true,"href":"https:\/\/elpajaritonews.com\/index.php?rest_route=\/wp\/v2\/users\/2"}],"replies":[{"embeddable":true,"href":"https:\/\/elpajaritonews.com\/index.php?rest_route=%2Fwp%2Fv2%2Fcomments&post=65679"}],"version-history":[{"count":1,"href":"https:\/\/elpajaritonews.com\/index.php?rest_route=\/wp\/v2\/posts\/65679\/revisions"}],"predecessor-version":[{"id":65681,"href":"https:\/\/elpajaritonews.com\/index.php?rest_route=\/wp\/v2\/posts\/65679\/revisions\/65681"}],"wp:featuredmedia":[{"embeddable":true,"href":"https:\/\/elpajaritonews.com\/index.php?rest_route=\/wp\/v2\/media\/65680"}],"wp:attachment":[{"href":"https:\/\/elpajaritonews.com\/index.php?rest_route=%2Fwp%2Fv2%2Fmedia&parent=65679"}],"wp:term":[{"taxonomy":"category","embeddable":true,"href":"https:\/\/elpajaritonews.com\/index.php?rest_route=%2Fwp%2Fv2%2Fcategories&post=65679"},{"taxonomy":"post_tag","embeddable":true,"href":"https:\/\/elpajaritonews.com\/index.php?rest_route=%2Fwp%2Fv2%2Ftags&post=65679"}],"curies":[{"name":"wp","href":"https:\/\/api.w.org\/{rel}","templated":true}]}}