{"id":65685,"date":"2025-05-05T12:42:56","date_gmt":"2025-05-05T19:42:56","guid":{"rendered":"https:\/\/elpajaritonews.com\/?p=65685"},"modified":"2025-05-05T12:42:58","modified_gmt":"2025-05-05T19:42:58","slug":"se-alcanza-50-por-ciento-de-control-en-incendio-forestal-en-nacori-chico","status":"publish","type":"post","link":"https:\/\/elpajaritonews.com\/?p=65685","title":{"rendered":"SE ALCANZA 50 POR CIENTO DE CONTROL EN INCENDIO FORESTAL EN N\u00c1CORI CHICO"},"content":{"rendered":"\n<p class=\"wp-block-paragraph\">Los brigadistas que enfrentan el incendio forestal en N\u00e1cori Chico, alcanzaron ya el 50 por ciento de control y 40 por ciento de control en la zona.<\/p>\n\n\n\n<p class=\"wp-block-paragraph\">En total son ya 76 brigadistas los que enfrentan las llamas, de tal forma que se cuenta con el personal de la Comisi\u00f3n Nacional Forestal (Conafor), de la Secretaria de la Defensa, de la Brigada Estatal de Manejo de Fuego de Sagarhpa y Protecci\u00f3n Civil Sonora, de la Direcci\u00f3n de Atenci\u00f3n a Emergencias y Desastres de la Coordinaci\u00f3n Estatal de Protecci\u00f3n Civil as\u00ed como de voluntarios.<\/p>\n\n\n\n<p class=\"wp-block-paragraph\">Por otra parte el incendio forestal en el municipio de Bavispe, tiene un 90 por ciento de control y un 75 por ciento de liquidaci\u00f3n actualmente.<\/p>\n\n\n\n<p class=\"wp-block-paragraph\">Personal de Conafor y de la Comisi\u00f3n Nacional de \u00c1reas Naturales Protegidas (Conanp) tambi\u00e9n combate dos incendios forestales en el municipio de Yecora, en los predios El Llano y Mesa Grande, mismos que cuentan con 30 por ciento de control y 15 por ciento de liquidaci\u00f3n as\u00ed como 30 por ciento de control y 20 por ciento de liquidaci\u00f3n, respectivamente.<\/p>\n","protected":false},"excerpt":{"rendered":"<p>Los brigadistas que enfrentan el incendio forestal en N\u00e1cori Chico, alcanzaron ya el 50 por ciento de control y 40 por ciento de control en la zona. En total son ya 76 brigadistas los que enfrentan las llamas, de tal forma que se cuenta con el personal de la Comisi\u00f3n Nacional Forestal (Conafor), de la&#8230;<\/p>\n","protected":false},"author":2,"featured_media":65686,"comment_status":"closed","ping_status":"closed","sticky":false,"template":"","format":"standard","meta":{"_crdt_document":"","_exactmetrics_skip_tracking":false,"_exactmetrics_sitenote_active":false,"_exactmetrics_sitenote_note":"","_exactmetrics_sitenote_category":0,"footnotes":""},"categories":[37,31,1,27,69],"tags":[],"class_list":["post-65685","post","type-post","status-publish","format-standard","has-post-thumbnail","hentry","category-medio-ambiente","category-politica","category-seguridad","category-sonora","category-ultimas-noticias"],"_links":{"self":[{"href":"https:\/\/elpajaritonews.com\/index.php?rest_route=\/wp\/v2\/posts\/65685","targetHints":{"allow":["GET"]}}],"collection":[{"href":"https:\/\/elpajaritonews.com\/index.php?rest_route=\/wp\/v2\/posts"}],"about":[{"href":"https:\/\/elpajaritonews.com\/index.php?rest_route=\/wp\/v2\/types\/post"}],"author":[{"embeddable":true,"href":"https:\/\/elpajaritonews.com\/index.php?rest_route=\/wp\/v2\/users\/2"}],"replies":[{"embeddable":true,"href":"https:\/\/elpajaritonews.com\/index.php?rest_route=%2Fwp%2Fv2%2Fcomments&post=65685"}],"version-history":[{"count":1,"href":"https:\/\/elpajaritonews.com\/index.php?rest_route=\/wp\/v2\/posts\/65685\/revisions"}],"predecessor-version":[{"id":65687,"href":"https:\/\/elpajaritonews.com\/index.php?rest_route=\/wp\/v2\/posts\/65685\/revisions\/65687"}],"wp:featuredmedia":[{"embeddable":true,"href":"https:\/\/elpajaritonews.com\/index.php?rest_route=\/wp\/v2\/media\/65686"}],"wp:attachment":[{"href":"https:\/\/elpajaritonews.com\/index.php?rest_route=%2Fwp%2Fv2%2Fmedia&parent=65685"}],"wp:term":[{"taxonomy":"category","embeddable":true,"href":"https:\/\/elpajaritonews.com\/index.php?rest_route=%2Fwp%2Fv2%2Fcategories&post=65685"},{"taxonomy":"post_tag","embeddable":true,"href":"https:\/\/elpajaritonews.com\/index.php?rest_route=%2Fwp%2Fv2%2Ftags&post=65685"}],"curies":[{"name":"wp","href":"https:\/\/api.w.org\/{rel}","templated":true}]}}