{"id":65688,"date":"2025-05-05T17:39:53","date_gmt":"2025-05-06T00:39:53","guid":{"rendered":"https:\/\/elpajaritonews.com\/?p=65688"},"modified":"2025-05-05T19:08:47","modified_gmt":"2025-05-06T02:08:47","slug":"capacita-iee-sonora-a-medios-de-comunicacion-sobre-el-proceso-electoral-del-poder-judicial-local-2025","status":"publish","type":"post","link":"https:\/\/elpajaritonews.com\/?p=65688","title":{"rendered":"CAPACITA IEE SONORA A MEDIOS DE COMUNICACI\u00d3N SOBRE EL PROCESO ELECTORAL DEL PODER JUDICIAL LOCAL 2025"},"content":{"rendered":"\n<p class=\"wp-block-paragraph\">Revela IEE de Sonora como ser\u00e1n las boletas electorales para la elecci\u00f3n en el Poder Judicial en la entidad, no sera tan facil, de 10 a 5 minutos tiempo programado para votar por persona<\/p>\n\n\n\n<p class=\"wp-block-paragraph\">Despu\u00e9s de una capacitaci\u00f3n de 2 horas y preguntas de la prensa, m\u00e1s que claridad la operaci\u00f3n de las elecciones en el Poder Judicial en Sonora , pueden no ser tan \u00e1gil como lo aseguran los funcionarios del IEE Sonora.<\/p>\n\n\n\n<p class=\"wp-block-paragraph\">Se instalar\u00e1n 1937 Casillas en todo el estado, se dividir\u00e1 en 3 distritos Norte, Centro y Sur.<\/p>\n\n\n\n<p class=\"wp-block-paragraph\">El Consejo General del INE aprob\u00f3 el Marco Geogr\u00e1fico Electoral para el PEEPJL 2025 del Poder Judicial del estado de Sonora.<\/p>\n\n\n\n<p class=\"wp-block-paragraph\">Se determin\u00f3 que, para efectos del presente PEEPJL 2025, la divisi\u00f3n del territorio que comprende el estado de Sonora ser\u00e1 en 3 circuitos judiciales electorales (3 norte, 1 centro y 2 sur), integrados por agrupaciones de municipios completos.<\/p>\n\n\n\n<p class=\"wp-block-paragraph\">Facilita su armonizaci\u00f3n con el Marco Geogr\u00e1fico Electoral vigente.<\/p>\n\n\n\n<p class=\"wp-block-paragraph\">Brinda certeza y garantiza coherencia en las etapas del PEEPJL 2025.<\/p>\n\n\n\n<p class=\"wp-block-paragraph\">En cada casilla s\u00f3lo habr\u00e1 solo una en donde el votante pondr\u00e1 todos los votos, eso es lo que cambia a diferencia de las elecciones para el poder ejecutivo y legislativo.<\/p>\n\n\n\n<p class=\"wp-block-paragraph\">Los votos no se contar\u00e1n en la casilla ni se elaborar\u00e1 un acta del n\u00famero de votos emitidos por los ciudadanos, al cerrar la casilla la urna se ir\u00e1 al IEE de&nbsp; Sonora en donde se abrir\u00e1 y separar\u00e1n&nbsp; los votos para el INE y se enviar\u00e1n al instituto electoral nacional, los votos o boletas estatales y locales se contar\u00e1n y se har\u00e1 el c\u00f3mputo.<\/p>\n\n\n\n<p class=\"wp-block-paragraph\">Los CME instalados para este PEEPJL 2025 est\u00e1n facultados de realizar los c\u00f3mputos de la elecci\u00f3n respectiva.<\/p>\n\n\n\n<p class=\"wp-block-paragraph\">Los CME realizar\u00e1n el c\u00f3mputo a partir de la llegada del primer paquete y concluir\u00e1 hasta que se reciba y compute el<\/p>\n\n\n\n<p class=\"wp-block-paragraph\">\u00faltimo paquete.<\/p>\n\n\n\n<p class=\"wp-block-paragraph\">El c\u00f3mputo se realizar\u00e1 en el orden siguiente:<\/p>\n\n\n\n<p class=\"wp-block-paragraph\">1. Personas magistradas integrantes del Supremo Tribunal de Justicia;<\/p>\n\n\n\n<p class=\"wp-block-paragraph\">2. Personas magistradas del Tribunal de Disciplina Judicial;<\/p>\n\n\n\n<p class=\"wp-block-paragraph\">3. Personas magistradas de Tribunales Regionales de Circuito;<\/p>\n\n\n\n<p class=\"wp-block-paragraph\">4. Personas Juezas.<\/p>\n\n\n\n<p class=\"wp-block-paragraph\">Concluidos los c\u00f3mputos de cada elecci\u00f3n, el CME respectivo emitir\u00e1 el Acta de C\u00f3mputo de las elecciones correspondientes, mismas que contendr\u00e1n los votos obtenidos de cada una de las candidaturas. Una vez computada la totalidad de las elecciones, el CME respectivo remitir\u00e1 el acta de c\u00f3mputo al CG IEE para que proceda a realizar la<\/p>\n\n\n\n<p class=\"wp-block-paragraph\">sumatoria por tipo de elecci\u00f3n.<\/p>\n\n\n\n<p class=\"wp-block-paragraph\">Una vez que el CG del IEE realice la sumatoria final de los c\u00f3mputos correspondientes a cada una de las elecciones, \u00e9ste proceder\u00e1 a realizar la asignaci\u00f3n de los cargos por materia de especializaci\u00f3n entre las candidaturas que hayan obtenido el mayor n\u00famero de votos, observando la paridad de g\u00e9nero, y publicar\u00e1 los resultados de la elecci\u00f3n.<\/p>\n\n\n\n<p class=\"wp-block-paragraph\">Tambi\u00e9n el IEE de Sonora establecer\u00e1 15 consejos municipales electorales en el estado.<\/p>\n\n\n\n<p class=\"wp-block-paragraph\">De conformidad al art\u00edculo 395 de la LIPEES se\u00f1ala que el Consejo General del IEEyPC deber\u00e1 crear un micrositio con el objeto de difundir la identidad, perfil e informaci\u00f3n curricular de las personas candidatas, incluyendo la versi\u00f3n p\u00fablica de los expedientes que acrediten su elegibilidad e idoneidad para el cargo del que se trate, as\u00ed como informaci\u00f3n relativa al proceso electoral, ajust\u00e1ndose al menos a lo siguiente:<\/p>\n\n\n\n<p class=\"wp-block-paragraph\">No ser\u00e1 un medio de propaganda pol\u00edtica;<\/p>\n\n\n\n<p class=\"wp-block-paragraph\">Proporcionar\u00e1 a la ciudadan\u00eda informaci\u00f3n suficiente y relevante relacionada con el proceso electoral, e incluir\u00e1 como m\u00ednimo el perfil personal, fotograf\u00eda, medios de contacto p\u00fablico, trayectoria acad\u00e9mica e historial profesional y laboral de cada candidatura;<\/p>\n\n\n\n<p class=\"wp-block-paragraph\">Incorporar\u00e1 las visiones de las personas candidatas acerca de la funci\u00f3n jurisdiccional y la impartici\u00f3n de justicia, as\u00ed como sus propuestas de mejora;<\/p>\n\n\n\n<p class=\"wp-block-paragraph\">La informaci\u00f3n de las candidaturas ser\u00e1 proporcionada por las personas candidatas y autorizada por el Instituto Estatal, que deber\u00e1 supervisar que se ajuste a la Ley y los par\u00e1metros que al efecto determine el Consejo General del Instituto Nacional, y La informaci\u00f3n deber\u00e1 estar disponible de manera clara, completa y accesible a m\u00e1s tardar en la fecha de inicio del periodo de campa\u00f1as y hasta el d\u00eda de la jornada electoral.<\/p>\n\n\n\n<p class=\"wp-block-paragraph\">Para dar cumplimiento a lo anterior el Consejo General del IEEyPC aprob\u00f3 los siguientes acuerdos:<\/p>\n\n\n\n<p class=\"wp-block-paragraph\">Acuerdo CG14\/2025 de fecha 27 de enero de 2025 donde se aprueba la integraci\u00f3n de la Comisi\u00f3n Temporal del Sistema Con\u00f3celes para la elecci\u00f3n de integrantes del Poder Judicial del Estado, la cual tiene como objetivo supervisar el desarrollo e implementaci\u00f3n de<\/p>\n\n\n\n<p class=\"wp-block-paragraph\">dicho Sistema.<\/p>\n\n\n\n<p class=\"wp-block-paragraph\">Acuerdo CG23\/2025 de fecha 20 de febrero de 2025 por el que se aprueban los Lineamientos para uso del Sistema Con\u00f3celes para la elecci\u00f3n de integrantes del Poder Judicial del Estado, cuyo objetivo principal es definir las condiciones para el uso de esta herramienta, as\u00ed como el establecer las obligaciones de este Instituto Electoral como de las personas candidatas a juzgadoras.<\/p>\n\n\n\n<p class=\"wp-block-paragraph\">Acuerdo CG57\/2025 de fecha 15 abril de 2025 por el que se aprueba modificar el acuerdo CG37\/2025 de fecha trece de marzo del a\u00f1o en curso, respecto a la fecha de captura de la informaci\u00f3n en el Sistema Con\u00f3celes para la elecci\u00f3n de integrantes del Poder Judicial<\/p>\n\n\n\n<p class=\"wp-block-paragraph\">del Estado.<\/p>\n\n\n\n<p class=\"wp-block-paragraph\">Para conocer quienes son los candidatos en&nbsp; Sonora en la elecci\u00f3n del Poder Judical puedes acceder a la siguiente p\u00e1gina:<\/p>\n\n\n\n<p class=\"wp-block-paragraph\">Sitio para acceder al sistema<\/p>\n\n\n\n<p class=\"wp-block-paragraph\"><a href=\"https:\/\/conocelespoderjudicial.ieesonora.org.mx\/registro\">https:\/\/conocelespoderjudicial.ieesonora.org.mx\/registro<\/a><\/p>\n\n\n\n<p class=\"wp-block-paragraph\">Capacita IEE Sonora a medios de comunicaci\u00f3n sobre el Proceso Electoral del Poder Judicial Local 2025<\/p>\n\n\n\n<p class=\"wp-block-paragraph\">El Instituto Estatal Electoral y de Participaci\u00f3n Ciudadana de Sonora (IEE Sonora) llev\u00f3 a cabo una capacitaci\u00f3n dirigida a representantes de medios de comunicaci\u00f3n, con el objetivo de brindar informaci\u00f3n clara y puntual sobre el desarrollo del Proceso Electoral Extraordinario del Poder Judicial Local 2025.<\/p>\n\n\n\n<p class=\"wp-block-paragraph\">Durante la jornada, se abordaron temas clave para una cobertura informativa adecuada y responsable, tales como: fiscalizaci\u00f3n, criterios para la organizaci\u00f3n de foros de debate, entrevistas a las personas candidatas, funcionamiento del sistema \u201cCon\u00f3celes\u201d, caracter\u00edsticas de las boletas electorales, violencia pol\u00edtica contra las mujeres en raz\u00f3n de g\u00e9nero y mecanismos de c\u00f3mputo de los resultados. La capacitaci\u00f3n fue impartida por directoras, directores, titulares de unidades y personal especializado de distintas \u00e1reas del Instituto.<\/p>\n\n\n\n<p class=\"wp-block-paragraph\">En su mensaje, el consejero presidente del IEE Sonora, Nery Ruiz Arvizu, destac\u00f3 la importancia de fortalecer la difusi\u00f3n del proceso a trav\u00e9s de los medios informativos, con la finalidad de que la ciudadan\u00eda sonorense conozca detalles del Proceso Electoral Extraordinario del Poder Judicial Local 2025.<\/p>\n\n\n\n<p class=\"wp-block-paragraph\">&nbsp;\u201cEs fundamental que las personas se informen, c\u00f3mo se organiza esta elecci\u00f3n in\u00e9dita y d\u00f3nde acceder a informaci\u00f3n confiable. Ustedes, los medios, son el canal m\u00e1s cercano para llegar a m\u00e1s personas, y a pocos d\u00edas de la jornada electoral, su labor informativa cobra especial relevancia\u201d, mencion\u00f3 el Consejero Presidente.<\/p>\n\n\n\n<p class=\"wp-block-paragraph\">Participaron de forma presencial reporteras y reporteros de distintos medios informativos en Hermosillo, as\u00ed como comunicadoras y comunicadores de diversos municipios del estado mediante conexi\u00f3n remota, lo que permiti\u00f3 un mayor alcance en la cobertura de esta capacitaci\u00f3n.<\/p>\n\n\n\n<p class=\"wp-block-paragraph\">Los temas fueron impartidos por Veznna Lily Urbina Mladosich, Directora Ejecutiva de Asuntos Jur\u00eddicos; Osvaldo Erwin Gonz\u00e1lez Arriaga, Director Ejecutivo de Educaci\u00f3n C\u00edvica y Capacitaci\u00f3n; Marisa Otero Molina, jefa de departamento de la Direcci\u00f3n Ejecutiva de Fiscalizaci\u00f3n; Ana Karina Contreras Castro, Directora Ejecutiva de Paridad e Igualdad de G\u00e9nero y Dulce Vanessa Torres Luna, instancia responsable de coordinar la implementaci\u00f3n y operaci\u00f3n del sistema Con\u00f3celes.<\/p>\n\n\n\n<p class=\"wp-block-paragraph\">Con este ejercicio, el IEE Sonora reafirma su compromiso con la m\u00e1xima publicidad, la transparencia y el respeto al derecho de la ciudadan\u00eda a estar informada, reconociendo el papel esencial de los medios en la construcci\u00f3n de una cultura democr\u00e1tica.<\/p>\n","protected":false},"excerpt":{"rendered":"<p>Revela IEE de Sonora como ser\u00e1n las boletas electorales para la elecci\u00f3n en el Poder Judicial en la entidad, no sera tan facil, de 10 a 5 minutos tiempo programado para votar por persona Despu\u00e9s de una capacitaci\u00f3n de 2 horas y preguntas de la prensa, m\u00e1s que claridad la operaci\u00f3n de las elecciones en&#8230;<\/p>\n","protected":false},"author":2,"featured_media":65693,"comment_status":"closed","ping_status":"closed","sticky":false,"template":"","format":"standard","meta":{"_crdt_document":"","_exactmetrics_skip_tracking":false,"_exactmetrics_sitenote_active":false,"_exactmetrics_sitenote_note":"","_exactmetrics_sitenote_category":0,"footnotes":""},"categories":[26,82,31,1,27,69],"tags":[71,72,73,74,277,83,75],"class_list":["post-65688","post","type-post","status-publish","format-standard","has-post-thumbnail","hentry","category-local","category-poder-judicial","category-politica","category-seguridad","category-sonora","category-ultimas-noticias","tag-alfonso-durazo","tag-claudia-sheinbaum","tag-congreso-del-estado-de-sonora","tag-hermosillo","tag-iee-sonora","tag-poder-judicial","tag-seguridad-publica"],"_links":{"self":[{"href":"https:\/\/elpajaritonews.com\/index.php?rest_route=\/wp\/v2\/posts\/65688","targetHints":{"allow":["GET"]}}],"collection":[{"href":"https:\/\/elpajaritonews.com\/index.php?rest_route=\/wp\/v2\/posts"}],"about":[{"href":"https:\/\/elpajaritonews.com\/index.php?rest_route=\/wp\/v2\/types\/post"}],"author":[{"embeddable":true,"href":"https:\/\/elpajaritonews.com\/index.php?rest_route=\/wp\/v2\/users\/2"}],"replies":[{"embeddable":true,"href":"https:\/\/elpajaritonews.com\/index.php?rest_route=%2Fwp%2Fv2%2Fcomments&post=65688"}],"version-history":[{"count":1,"href":"https:\/\/elpajaritonews.com\/index.php?rest_route=\/wp\/v2\/posts\/65688\/revisions"}],"predecessor-version":[{"id":65689,"href":"https:\/\/elpajaritonews.com\/index.php?rest_route=\/wp\/v2\/posts\/65688\/revisions\/65689"}],"wp:featuredmedia":[{"embeddable":true,"href":"https:\/\/elpajaritonews.com\/index.php?rest_route=\/wp\/v2\/media\/65693"}],"wp:attachment":[{"href":"https:\/\/elpajaritonews.com\/index.php?rest_route=%2Fwp%2Fv2%2Fmedia&parent=65688"}],"wp:term":[{"taxonomy":"category","embeddable":true,"href":"https:\/\/elpajaritonews.com\/index.php?rest_route=%2Fwp%2Fv2%2Fcategories&post=65688"},{"taxonomy":"post_tag","embeddable":true,"href":"https:\/\/elpajaritonews.com\/index.php?rest_route=%2Fwp%2Fv2%2Ftags&post=65688"}],"curies":[{"name":"wp","href":"https:\/\/api.w.org\/{rel}","templated":true}]}}