{"id":65690,"date":"2025-05-05T18:44:35","date_gmt":"2025-05-06T01:44:35","guid":{"rendered":"https:\/\/elpajaritonews.com\/?p=65690"},"modified":"2025-05-05T18:44:38","modified_gmt":"2025-05-06T01:44:38","slug":"encabeza-gobernador-durazo-ceremonia-de-protesta-a-jovenes-del-servicio-militar-en-conmemoracion-a-la-batalla-de-puebla","status":"publish","type":"post","link":"https:\/\/elpajaritonews.com\/?p=65690","title":{"rendered":"ENCABEZA GOBERNADOR DURAZO CEREMONIA DE PROTESTA A J\u00d3VENES DEL SERVICIO MILITAR EN CONMEMORACI\u00d3N A LA BATALLA DE PUEBLA"},"content":{"rendered":"\n<p class=\"wp-block-paragraph\">&#8211; En el inicio de la jornada c\u00edvico-militar, encabezada en Sonora por el gobernador Alfonso Durazo y a nivel nacional por la presidenta Claudia Sheinbaum, se destac\u00f3 la relevancia de la juventud mexicana en la defensa de la soberan\u00eda nacional y en la construcci\u00f3n de un pa\u00eds m\u00e1s justo y solidario<\/p>\n\n\n\n<p class=\"wp-block-paragraph\">En el marco del 163 aniversario de la Batalla de Puebla, el gobernador Alfonso Durazo Monta\u00f1o, encabez\u00f3 la Ceremonia de Protesta de Bandera a j\u00f3venes del Servicio Militar Nacional Clase 2006 en Sonora, acto que se realiz\u00f3 de forma simult\u00e1nea al evento que presidi\u00f3 la presidenta de M\u00e9xico, Claudia Sheinbaum Pardo en la Ciudad de M\u00e9xico para recibir a m\u00e1s de 30 mil conscriptos en distintos puntos del pa\u00eds.&nbsp;<\/p>\n\n\n\n<p class=\"wp-block-paragraph\">Durante la ceremonia, que se llev\u00f3 a cabo en las instalaciones del 24 Batall\u00f3n de Infanter\u00eda, 542 j\u00f3venes sonorenses y ocho mujeres voluntarias rindieron protesta para servir a la patria, reafirmando su compromiso con los valores de disciplina, responsabilidad y amor por M\u00e9xico.<\/p>\n\n\n\n<p class=\"wp-block-paragraph\">El gobernador Durazo reconoci\u00f3 la labor y el compromiso de los j\u00f3venes que se unen a las filas de las instituciones que conforman las Fuerzas Armadas en defensa y salvaguarda de la patria.<\/p>\n\n\n\n<p class=\"wp-block-paragraph\">La jornada c\u00edvico-militar, encabezada a nivel nacional por la presidenta Sheinbaum, destaca la relevancia de la juventud mexicana en la defensa de la soberan\u00eda nacional y en la construcci\u00f3n de un pa\u00eds m\u00e1s justo y solidario.<\/p>\n","protected":false},"excerpt":{"rendered":"<p>&#8211; En el inicio de la jornada c\u00edvico-militar, encabezada en Sonora por el gobernador Alfonso Durazo y a nivel nacional por la presidenta Claudia Sheinbaum, se destac\u00f3 la relevancia de la juventud mexicana en la defensa de la soberan\u00eda nacional y en la construcci\u00f3n de un pa\u00eds m\u00e1s justo y solidario En el marco del&#8230;<\/p>\n","protected":false},"author":2,"featured_media":65691,"comment_status":"closed","ping_status":"closed","sticky":false,"template":"","format":"standard","meta":{"_crdt_document":"","_exactmetrics_skip_tracking":false,"_exactmetrics_sitenote_active":false,"_exactmetrics_sitenote_note":"","_exactmetrics_sitenote_category":0,"footnotes":""},"categories":[80,33,26,23,1,27,69],"tags":[71,72,74,28,75,30],"class_list":["post-65690","post","type-post","status-publish","format-standard","has-post-thumbnail","hentry","category-derechos-humanos","category-educacion","category-local","category-mexico","category-seguridad","category-sonora","category-ultimas-noticias","tag-alfonso-durazo","tag-claudia-sheinbaum","tag-hermosillo","tag-nogales","tag-seguridad-publica","tag-sonora-tierra-de-oportunidades"],"_links":{"self":[{"href":"https:\/\/elpajaritonews.com\/index.php?rest_route=\/wp\/v2\/posts\/65690","targetHints":{"allow":["GET"]}}],"collection":[{"href":"https:\/\/elpajaritonews.com\/index.php?rest_route=\/wp\/v2\/posts"}],"about":[{"href":"https:\/\/elpajaritonews.com\/index.php?rest_route=\/wp\/v2\/types\/post"}],"author":[{"embeddable":true,"href":"https:\/\/elpajaritonews.com\/index.php?rest_route=\/wp\/v2\/users\/2"}],"replies":[{"embeddable":true,"href":"https:\/\/elpajaritonews.com\/index.php?rest_route=%2Fwp%2Fv2%2Fcomments&post=65690"}],"version-history":[{"count":1,"href":"https:\/\/elpajaritonews.com\/index.php?rest_route=\/wp\/v2\/posts\/65690\/revisions"}],"predecessor-version":[{"id":65692,"href":"https:\/\/elpajaritonews.com\/index.php?rest_route=\/wp\/v2\/posts\/65690\/revisions\/65692"}],"wp:featuredmedia":[{"embeddable":true,"href":"https:\/\/elpajaritonews.com\/index.php?rest_route=\/wp\/v2\/media\/65691"}],"wp:attachment":[{"href":"https:\/\/elpajaritonews.com\/index.php?rest_route=%2Fwp%2Fv2%2Fmedia&parent=65690"}],"wp:term":[{"taxonomy":"category","embeddable":true,"href":"https:\/\/elpajaritonews.com\/index.php?rest_route=%2Fwp%2Fv2%2Fcategories&post=65690"},{"taxonomy":"post_tag","embeddable":true,"href":"https:\/\/elpajaritonews.com\/index.php?rest_route=%2Fwp%2Fv2%2Ftags&post=65690"}],"curies":[{"name":"wp","href":"https:\/\/api.w.org\/{rel}","templated":true}]}}