{"id":65694,"date":"2025-05-05T20:24:25","date_gmt":"2025-05-06T03:24:25","guid":{"rendered":"https:\/\/elpajaritonews.com\/?p=65694"},"modified":"2025-05-05T20:24:27","modified_gmt":"2025-05-06T03:24:27","slug":"el-5-de-mayo-nos-recuerda-que-el-presente-y-el-futuro-de-mexico-es-ser-una-nacion-libre-independiente-y-soberanasheinbaum","status":"publish","type":"post","link":"https:\/\/elpajaritonews.com\/?p=65694","title":{"rendered":"\u00abEL 5 DE MAYO NOS RECUERDA QUE EL PRESENTE Y EL FUTURO DE M\u00c9XICO ES SER UNA NACI\u00d3N LIBRE, INDEPENDIENTE Y SOBERANA\u00bb:SHEINBAUM"},"content":{"rendered":"\n<ul class=\"wp-block-list\">\n<li>Resalt\u00f3 que la Batalla de Puebla es uno de los momentos m\u00e1s patri\u00f3ticos y conmovedores de la defensa de la patria<\/li>\n\n\n\n<li>Tom\u00f3 protesta a 37 mil 442 soldados del Servicio Militar Nacional y presenci\u00f3 el desfile c\u00edvico-militar a cargo del general Santos Gerardo Soto, comandante de la 25 Zona Militar y comandante de Columna del desfile<\/li>\n<\/ul>\n\n\n\n<figure class=\"wp-block-embed is-type-video is-provider-youtube wp-block-embed-youtube wp-embed-aspect-16-9 wp-has-aspect-ratio\"><div class=\"wp-block-embed__wrapper\">\n<iframe loading=\"lazy\" title=\"163 Aniversario de la Batalla de Puebla\" width=\"640\" height=\"360\" src=\"https:\/\/www.youtube.com\/embed\/8RP5K6V61hc?feature=oembed\" frameborder=\"0\" allow=\"accelerometer; autoplay; clipboard-write; encrypted-media; gyroscope; picture-in-picture; web-share\" referrerpolicy=\"strict-origin-when-cross-origin\" allowfullscreen><\/iframe>\n<\/div><\/figure>\n\n\n\n<p class=\"wp-block-paragraph\">En la conmemoraci\u00f3n del 163 Aniversario de la Batalla de Puebla, la Presidenta Claudia Sheinbaum Pardo destac\u00f3 que el 5 de mayo es un recordatorio de que el presente y el futuro de M\u00e9xico es ser una naci\u00f3n libre, independiente y soberana.<\/p>\n\n\n\n<p class=\"wp-block-paragraph\">\u201cEl 5 de mayo nos recuerda que el presente y el futuro de M\u00e9xico es el de ser una naci\u00f3n libre, independiente y soberana. Esa es la historia de generaciones que han dado su vida y de muchas y muchos otros que siempre estaremos dispuestos a dar la vida por amor a nuestra historia, por el legado de patriotas y el pueblo de M\u00e9xico\u201d, destac\u00f3 en su discurso desde el Mausoleo del Gral. Ignacio Zaragoza en Puebla.<\/p>\n\n\n\n<p class=\"wp-block-paragraph\">Afirm\u00f3 que la Batalla de Puebla es uno de los momentos m\u00e1s patri\u00f3ticos y conmovedores de la defensa de la patria, adem\u00e1s de que significa una victoria que ha sembrado ra\u00edces profundas en el coraz\u00f3n de las y los mexicanos en territorio nacional, as\u00ed como en las y los hermanos migrantes que residen en Estados Unidos.<\/p>\n\n\n\n<p class=\"wp-block-paragraph\">La Jefa del Ejecutivo Federal, tras tomar protesta 37 mil 442 soldados del Servicio Militar Nacional, record\u00f3 que la victoria del 5 de mayo de 1862 ante el ej\u00e9rcito franc\u00e9s fue a causa del patriotismo del pueblo y de los ind\u00edgenas poblanos, de la valent\u00eda, entrega y capacidad de sacrificio de los soldados mexicanos al mando del general Ignacio Zaragoza, quien fue nombrado como \u201cBenem\u00e9rito de la Patria en grado Heroico\u201d por el entonces Presidente Benito Ju\u00e1rez, y que por sus m\u00e9ritos se renombr\u00f3 la capital poblana como Puebla de Zaragoza y su nombre se inscribi\u00f3 en letras de oro en el Congreso de la Uni\u00f3n.<\/p>\n\n\n\n<p class=\"wp-block-paragraph\">\u201cLas palabras con que el General Ignacio Zaragoza se dirigi\u00f3 a sus tropas son las siguientes: \u2018Puede ser que ellos sean el mejor ej\u00e9rcito del mundo, pero nosotros somos los mejores hijos de M\u00e9xico\u00b4. Un mensaje que atraviesa a\u00f1os de historia y resuena en nuestro presente y siempre en el coraz\u00f3n del pueblo de M\u00e9xico\u201d, agreg\u00f3.<\/p>\n\n\n\n<p class=\"wp-block-paragraph\">La Presidenta de M\u00e9xico deposit\u00f3 una ofrenda floral en el Mausoleo del Gral. Ignacio Zaragoza en Puebla y presenci\u00f3 el desfile c\u00edvico-militar a cargo del general Santos Gerardo Soto, comandante de la 25 Zona Militar y comandante de Columna del desfile, quien inform\u00f3 el parte de novedades a la Jefa del Ejecutivo Federal: participaron 14 banderas de guerra; 22 guiones; 3 mil 353 integrantes de las tres Fuerzas Armadas y de la Guardia Nacional; 12 mil 500 ni\u00f1os y adultos pertenecientes a 33 escuelas de educaci\u00f3n b\u00e1sica, media superior y superior; 225 zacapoaxtlas, xochiapulcos y tetelenses; 94 veh\u00edculos; nueve aeronaves; cinco binomios can\u00f3filos; 174 semovientes y 11 carros aleg\u00f3ricos.<\/p>\n\n\n\n<p class=\"wp-block-paragraph\">El gobernador de Puebla, Alejandro Armenta Mier, destac\u00f3 que al igual que sucedi\u00f3 el 5 de mayo de 1862, hoy la Presidenta de M\u00e9xico cuenta con un ej\u00e9rcito y un pueblo que lucha por un pa\u00eds con soberan\u00eda econ\u00f3mica, energ\u00e9tica, alimentaria, tecnol\u00f3gica y cient\u00edfica, con el objetivo de erradicar los privilegios, acortar las desigualdades y detonar el desarrollo interno.<\/p>\n\n\n\n<p class=\"wp-block-paragraph\">Acompa\u00f1aron a la Presidenta de M\u00e9xico, la secretaria de Gobernaci\u00f3n, Rosa Icela Rodr\u00edguez Vel\u00e1zquez; el presidente de la Mesa Directiva de la C\u00e1mara de Diputados, Sergio Carlos Guti\u00e9rrez Luna; el presidente de la Mesa Directiva del Senado, Gerardo Fern\u00e1ndez Noro\u00f1a; el secretario de la Defensa Nacional, general Ricardo Trevilla Trejo; el secretario de Marina, almirante Raymundo Pedro Morales \u00c1ngeles; la Jefa de Gobierno de la Ciudad de M\u00e9xico, Clara Brugada Molina; el secretario de Seguridad y Protecci\u00f3n Ciudadana, Omar Garc\u00eda Harfuch.<\/p>\n\n\n\n<p class=\"wp-block-paragraph\">As\u00ed como el secretario de Hacienda y Cr\u00e9dito P\u00fablico, Edgar Amador Zamora; la secretaria de Anticorrupci\u00f3n y Buen Gobierno, Raquel Buenrostro S\u00e1nchez; la secretaria de Energ\u00eda, Luz Elena Gonz\u00e1lez Escobar; la secretaria de Bienestar, Ariadna Montiel Reyes; el secretario de Infraestructura, Comunicaciones y Transportes, Jes\u00fas Antonio Esteva Medina; el secretario de Econom\u00eda, Marcelo Ebrard Casaubon; el secretario de Educaci\u00f3n P\u00fablica, Mario Delgado Carrillo; el secretario de Salud, David Kershenobich; la secretaria de Desarrollo Agrario, Territorial y Urbano, Edna Elena Vega Rangel; la secretaria de Turismo, Josefina Rodr\u00edguez Zamora; la secretaria de las Mujeres, Citlalli Hern\u00e1ndez Mora; la secretaria de Medio Ambiente y Recursos Naturales, Alicia B\u00e1rcena Ibarra; y el presidente municipal de Puebla, Jos\u00e9 Chedraui Budib.<\/p>\n","protected":false},"excerpt":{"rendered":"<p>En la conmemoraci\u00f3n del 163 Aniversario de la Batalla de Puebla, la Presidenta Claudia Sheinbaum Pardo destac\u00f3 que el 5 de mayo es un recordatorio de que el presente y el futuro de M\u00e9xico es ser una naci\u00f3n libre, independiente y soberana. \u201cEl 5 de mayo nos recuerda que el presente y el futuro de&#8230;<\/p>\n","protected":false},"author":2,"featured_media":65695,"comment_status":"closed","ping_status":"closed","sticky":false,"template":"","format":"standard","meta":{"_crdt_document":"","_exactmetrics_skip_tracking":false,"_exactmetrics_sitenote_active":false,"_exactmetrics_sitenote_note":"","_exactmetrics_sitenote_category":0,"footnotes":""},"categories":[23,31,1,27,69,65],"tags":[71,72,74,75],"class_list":["post-65694","post","type-post","status-publish","format-standard","has-post-thumbnail","hentry","category-mexico","category-politica","category-seguridad","category-sonora","category-ultimas-noticias","category-videos","tag-alfonso-durazo","tag-claudia-sheinbaum","tag-hermosillo","tag-seguridad-publica"],"_links":{"self":[{"href":"https:\/\/elpajaritonews.com\/index.php?rest_route=\/wp\/v2\/posts\/65694","targetHints":{"allow":["GET"]}}],"collection":[{"href":"https:\/\/elpajaritonews.com\/index.php?rest_route=\/wp\/v2\/posts"}],"about":[{"href":"https:\/\/elpajaritonews.com\/index.php?rest_route=\/wp\/v2\/types\/post"}],"author":[{"embeddable":true,"href":"https:\/\/elpajaritonews.com\/index.php?rest_route=\/wp\/v2\/users\/2"}],"replies":[{"embeddable":true,"href":"https:\/\/elpajaritonews.com\/index.php?rest_route=%2Fwp%2Fv2%2Fcomments&post=65694"}],"version-history":[{"count":1,"href":"https:\/\/elpajaritonews.com\/index.php?rest_route=\/wp\/v2\/posts\/65694\/revisions"}],"predecessor-version":[{"id":65696,"href":"https:\/\/elpajaritonews.com\/index.php?rest_route=\/wp\/v2\/posts\/65694\/revisions\/65696"}],"wp:featuredmedia":[{"embeddable":true,"href":"https:\/\/elpajaritonews.com\/index.php?rest_route=\/wp\/v2\/media\/65695"}],"wp:attachment":[{"href":"https:\/\/elpajaritonews.com\/index.php?rest_route=%2Fwp%2Fv2%2Fmedia&parent=65694"}],"wp:term":[{"taxonomy":"category","embeddable":true,"href":"https:\/\/elpajaritonews.com\/index.php?rest_route=%2Fwp%2Fv2%2Fcategories&post=65694"},{"taxonomy":"post_tag","embeddable":true,"href":"https:\/\/elpajaritonews.com\/index.php?rest_route=%2Fwp%2Fv2%2Ftags&post=65694"}],"curies":[{"name":"wp","href":"https:\/\/api.w.org\/{rel}","templated":true}]}}