{"id":65700,"date":"2025-05-06T16:56:41","date_gmt":"2025-05-06T23:56:41","guid":{"rendered":"https:\/\/elpajaritonews.com\/?p=65700"},"modified":"2025-05-06T16:56:43","modified_gmt":"2025-05-06T23:56:43","slug":"cancelan-audiencia-de-ovidio-guzman-se-declarara-culpable-tras-acuerdo","status":"publish","type":"post","link":"https:\/\/elpajaritonews.com\/?p=65700","title":{"rendered":"CANCELAN AUDIENCIA DE OVIDIO GUZM\u00c1N; SE DECLARAR\u00c1 CULPABLE TRAS ACUERDO"},"content":{"rendered":"\n<p class=\"wp-block-paragraph\">El hijo de Joaqu\u00edn El Chapo Guzm\u00e1n, Ovidio Guzm\u00e1n L\u00f3pez, cancel\u00f3 su audiencia, que estaba programada para el pr\u00f3ximo 12 de mayo, debido a que se declarar\u00e1 culpable de diversos cargos de narcotr\u00e1fico el pr\u00f3ximo 9 de julio en Chicago, report\u00f3 el editor en jefe de asuntos criminales del diario Los \u00c1ngeles Times. Inicialmente el acusado se declar\u00f3 no culpable ante las autoridades de Chicago.<\/p>\n\n\n\n<p class=\"wp-block-paragraph\">El periodista Keegan Hamilton a\u00f1adi\u00f3 en su cuenta de X que el tribunal solicit\u00f3 una copia del \u201cacuerdo de culpabilidad, lo que indica que se ha llegado a un acuerdo en el caso\u201d.<\/p>\n\n\n\n<p class=\"wp-block-paragraph\">El a\u00f1o pasado se report\u00f3 que Ovidio Guzm\u00e1n L\u00f3pez, alias El Rat\u00f3n, estaba negociando con la fiscal\u00eda un acuerdo para declararse culpable y evitar un juicio, seg\u00fan allegadas al caso.<\/p>\n\n\n\n<p class=\"wp-block-paragraph\">Extraditado en septiembre de 2023 a Estados Unidos, el acusado compareci\u00f3 ante la jueza Sharon Johnson Coleman en el tribunal del distrito norte de Illinois. En ese entonces, el abogado defensor Jeffrey Lichtman reconoci\u00f3 que exist\u00eda dicho di\u00e1logo con los fiscales, pero no hay una decisi\u00f3n firme.<\/p>\n\n\n\n<p class=\"wp-block-paragraph\">La justicia acusa a Los Chapitos de ponerse al mando del c\u00e1rtel de Sinaloa, junto con Zambada Garc\u00eda y D\u00e1maso L\u00f3pez N\u00fa\u00f1ez, alias El Licenciado, despu\u00e9s de la detenci\u00f3n de El Chapo Guzm\u00e1n, condenado en 2019 a cadena perpetua en ese pa\u00eds.<\/p>\n","protected":false},"excerpt":{"rendered":"<p>El hijo de Joaqu\u00edn El Chapo Guzm\u00e1n, Ovidio Guzm\u00e1n L\u00f3pez, cancel\u00f3 su audiencia, que estaba programada para el pr\u00f3ximo 12 de mayo, debido a que se declarar\u00e1 culpable de diversos cargos de narcotr\u00e1fico el pr\u00f3ximo 9 de julio en Chicago, report\u00f3 el editor en jefe de asuntos criminales del diario Los \u00c1ngeles Times. Inicialmente el&#8230;<\/p>\n","protected":false},"author":2,"featured_media":65701,"comment_status":"closed","ping_status":"closed","sticky":false,"template":"","format":"standard","meta":{"_crdt_document":"","_exactmetrics_skip_tracking":false,"_exactmetrics_sitenote_active":false,"_exactmetrics_sitenote_note":"","_exactmetrics_sitenote_category":0,"footnotes":""},"categories":[17,89,23,82,31,1,27,69],"tags":[71,72,75],"class_list":["post-65700","post","type-post","status-publish","format-standard","has-post-thumbnail","hentry","category-arizona","category-estados-unidos","category-mexico","category-poder-judicial","category-politica","category-seguridad","category-sonora","category-ultimas-noticias","tag-alfonso-durazo","tag-claudia-sheinbaum","tag-seguridad-publica"],"_links":{"self":[{"href":"https:\/\/elpajaritonews.com\/index.php?rest_route=\/wp\/v2\/posts\/65700","targetHints":{"allow":["GET"]}}],"collection":[{"href":"https:\/\/elpajaritonews.com\/index.php?rest_route=\/wp\/v2\/posts"}],"about":[{"href":"https:\/\/elpajaritonews.com\/index.php?rest_route=\/wp\/v2\/types\/post"}],"author":[{"embeddable":true,"href":"https:\/\/elpajaritonews.com\/index.php?rest_route=\/wp\/v2\/users\/2"}],"replies":[{"embeddable":true,"href":"https:\/\/elpajaritonews.com\/index.php?rest_route=%2Fwp%2Fv2%2Fcomments&post=65700"}],"version-history":[{"count":1,"href":"https:\/\/elpajaritonews.com\/index.php?rest_route=\/wp\/v2\/posts\/65700\/revisions"}],"predecessor-version":[{"id":65702,"href":"https:\/\/elpajaritonews.com\/index.php?rest_route=\/wp\/v2\/posts\/65700\/revisions\/65702"}],"wp:featuredmedia":[{"embeddable":true,"href":"https:\/\/elpajaritonews.com\/index.php?rest_route=\/wp\/v2\/media\/65701"}],"wp:attachment":[{"href":"https:\/\/elpajaritonews.com\/index.php?rest_route=%2Fwp%2Fv2%2Fmedia&parent=65700"}],"wp:term":[{"taxonomy":"category","embeddable":true,"href":"https:\/\/elpajaritonews.com\/index.php?rest_route=%2Fwp%2Fv2%2Fcategories&post=65700"},{"taxonomy":"post_tag","embeddable":true,"href":"https:\/\/elpajaritonews.com\/index.php?rest_route=%2Fwp%2Fv2%2Ftags&post=65700"}],"curies":[{"name":"wp","href":"https:\/\/api.w.org\/{rel}","templated":true}]}}