{"id":65703,"date":"2025-05-06T17:13:05","date_gmt":"2025-05-07T00:13:05","guid":{"rendered":"https:\/\/elpajaritonews.com\/?p=65703"},"modified":"2025-05-06T17:13:08","modified_gmt":"2025-05-07T00:13:08","slug":"gobernador-durazo-proyecta-legado-ambiental-con-plantacion-de-mas-de-4-mil-arboles-en-la-sauceda","status":"publish","type":"post","link":"https:\/\/elpajaritonews.com\/?p=65703","title":{"rendered":"GOBERNADOR DURAZO PROYECTA LEGADO AMBIENTAL CON PLANTACI\u00d3N DE M\u00c1S DE 4 MIL \u00c1RBOLES EN LA SAUCEDA"},"content":{"rendered":"\n<p class=\"wp-block-paragraph\">\u2022\u2060 \u2060Con el inicio de la reforestaci\u00f3n del Bosque Urbano La Sauceda, el mandatario estatal marca una nueva etapa para este emblem\u00e1tico parque de las familias hermosillenses, rescatado y reconstruido desde sus cimientos para convertirse en un legado que perdure por d\u00e9cadas.<\/p>\n\n\n\n<p class=\"wp-block-paragraph\">\u2022\u2060 \u2060En total, se plantar\u00e1n 4 mil 176 \u00e1rboles en dos pol\u00edgonos, integrando 14 especies nativas como guayac\u00e1n, palo fierro, mezquite, palo verde azul, palo verde, palo brea, bagote, vinorama, torote prieto, torote blanco, palo dulce, ocotillo macho, ocotillo y tesota.<\/p>\n\n\n\n<p class=\"wp-block-paragraph\">En cumplimiento a su compromiso con el rescate del Bosque Urbano La Sauceda, el gobernador Alfonso Durazo Monta\u00f1o dio inicio a la reforestaci\u00f3n de este espacio con el objetivo de consolidarlo como el pulm\u00f3n verde de Hermosillo y proyectar un modelo de desarrollo urbano sostenible a largo plazo.<\/p>\n\n\n\n<p class=\"wp-block-paragraph\">Acompa\u00f1ado por sociedad civil, artistas escultores y autoridades estatales, el gobernador Durazo plant\u00f3 el primer \u00e1rbol de este proceso de restauraci\u00f3n ecol\u00f3gica, con la visi\u00f3n de transformar el lugar en un espacio comparable al Bosque de Chapultepec. Subray\u00f3 que este proyecto representa la materializaci\u00f3n de un pulm\u00f3n natural en la capital sonorense y una herencia ambiental para las futuras generaciones.<\/p>\n\n\n\n<p class=\"wp-block-paragraph\">Con el respaldo de la Comisi\u00f3n Nacional Forestal (Conafor), se plantar\u00e1n un total de 4 mil 176 \u00e1rboles: mil 584 en el pol\u00edgono \u201cLa Oreja\u201d, al sureste del bosque, y 2 mil 592 en la zona norte. Estas especies nativas contribuir\u00e1n a la resiliencia ecol\u00f3gica del \u00e1rea y fortalecen la identidad ambiental sonorense.<\/p>\n\n\n\n<p class=\"wp-block-paragraph\">\u201cTodo pol\u00edtico aspira a las obras de relumbr\u00f3n, no me importa. En 30 \u00f3 40 a\u00f1os no va a faltar quien vuelva la vista atr\u00e1s y diga: esta generaci\u00f3n, este grupo, esta sociedad, este gobierno, tuvo la genuina preocupaci\u00f3n de heredarnos algo tan extraordinario como esto\u201d, indic\u00f3.<\/p>\n\n\n\n<p class=\"wp-block-paragraph\">En esta segunda etapa de rehabilitaci\u00f3n, se contempla la intervenci\u00f3n de todos los canales, nuevas \u00e1reas de esparcimiento para ni\u00f1as y ni\u00f1os, un museo infantil, skate park, juegos, ba\u00f1os, zonas gastron\u00f3micas, la integraci\u00f3n del Cerro de la Cementera con rutas para ciclistas y un laboratorio de educaci\u00f3n ambiental y desarrollo sostenible.<\/p>\n\n\n\n<p class=\"wp-block-paragraph\">Durante el evento, el titular del Ejecutivo Estatal entreg\u00f3 est\u00edmulos econ\u00f3micos a las y los artistas ganadores de la convocatoria Esculturas en Madera, quienes intervendr\u00e1n \u00e1rboles secos del bosque con obras talladas que reflejar\u00e1n la riqueza de la naturaleza sonorense.<\/p>\n","protected":false},"excerpt":{"rendered":"<p>\u2022\u2060 \u2060Con el inicio de la reforestaci\u00f3n del Bosque Urbano La Sauceda, el mandatario estatal marca una nueva etapa para este emblem\u00e1tico parque de las familias hermosillenses, rescatado y reconstruido desde sus cimientos para convertirse en un legado que perdure por d\u00e9cadas. \u2022\u2060 \u2060En total, se plantar\u00e1n 4 mil 176 \u00e1rboles en dos pol\u00edgonos, integrando&#8230;<\/p>\n","protected":false},"author":2,"featured_media":65704,"comment_status":"closed","ping_status":"closed","sticky":false,"template":"","format":"standard","meta":{"_crdt_document":"","_exactmetrics_skip_tracking":false,"_exactmetrics_sitenote_active":false,"_exactmetrics_sitenote_note":"","_exactmetrics_sitenote_category":0,"footnotes":""},"categories":[26,37,31,27,69],"tags":[71,74,76,30],"class_list":["post-65703","post","type-post","status-publish","format-standard","has-post-thumbnail","hentry","category-local","category-medio-ambiente","category-politica","category-sonora","category-ultimas-noticias","tag-alfonso-durazo","tag-hermosillo","tag-medio-ambiente","tag-sonora-tierra-de-oportunidades"],"_links":{"self":[{"href":"https:\/\/elpajaritonews.com\/index.php?rest_route=\/wp\/v2\/posts\/65703","targetHints":{"allow":["GET"]}}],"collection":[{"href":"https:\/\/elpajaritonews.com\/index.php?rest_route=\/wp\/v2\/posts"}],"about":[{"href":"https:\/\/elpajaritonews.com\/index.php?rest_route=\/wp\/v2\/types\/post"}],"author":[{"embeddable":true,"href":"https:\/\/elpajaritonews.com\/index.php?rest_route=\/wp\/v2\/users\/2"}],"replies":[{"embeddable":true,"href":"https:\/\/elpajaritonews.com\/index.php?rest_route=%2Fwp%2Fv2%2Fcomments&post=65703"}],"version-history":[{"count":1,"href":"https:\/\/elpajaritonews.com\/index.php?rest_route=\/wp\/v2\/posts\/65703\/revisions"}],"predecessor-version":[{"id":65705,"href":"https:\/\/elpajaritonews.com\/index.php?rest_route=\/wp\/v2\/posts\/65703\/revisions\/65705"}],"wp:featuredmedia":[{"embeddable":true,"href":"https:\/\/elpajaritonews.com\/index.php?rest_route=\/wp\/v2\/media\/65704"}],"wp:attachment":[{"href":"https:\/\/elpajaritonews.com\/index.php?rest_route=%2Fwp%2Fv2%2Fmedia&parent=65703"}],"wp:term":[{"taxonomy":"category","embeddable":true,"href":"https:\/\/elpajaritonews.com\/index.php?rest_route=%2Fwp%2Fv2%2Fcategories&post=65703"},{"taxonomy":"post_tag","embeddable":true,"href":"https:\/\/elpajaritonews.com\/index.php?rest_route=%2Fwp%2Fv2%2Ftags&post=65703"}],"curies":[{"name":"wp","href":"https:\/\/api.w.org\/{rel}","templated":true}]}}