{"id":65732,"date":"2025-05-08T13:04:29","date_gmt":"2025-05-08T20:04:29","guid":{"rendered":"https:\/\/elpajaritonews.com\/?p=65732"},"modified":"2025-05-08T13:04:32","modified_gmt":"2025-05-08T20:04:32","slug":"avanza-en-sonora-el-censo-de-salud-y-bienestar-implementado-por-la-presidenta-sheinbaum-almada-palafox","status":"publish","type":"post","link":"https:\/\/elpajaritonews.com\/?p=65732","title":{"rendered":"AVANZA EN SONORA EL CENSO DE SALUD Y BIENESTAR, IMPLEMENTADO POR LA PRESIDENTA SHEINBAUM: ALMADA PALAFOX"},"content":{"rendered":"\n<p class=\"wp-block-paragraph\">\u2022 Se aplica a derechohabientes de las pensiones de adulto mayor y personas con discapacidad<\/p>\n\n\n\n<p class=\"wp-block-paragraph\">\u2022 Personal de la Secretar\u00eda de Bienestar debidamente identificado acude a los domicilios a aplicar el cuestionario<\/p>\n\n\n\n<p class=\"wp-block-paragraph\">En Sonora contin\u00faa realiz\u00e1ndose el Censo de Salud y Bienestar del programa Salud Casa por Casa, uno de los nuevos Programas para el Bienestar del Gobierno de M\u00e9xico, implementado por la Presidenta Claudia Sheinbaum Pardo, inform\u00f3 el Delegado de los Programas para el Bienestar en la entidad, Octavio Almada Palafox<\/p>\n\n\n\n<p class=\"wp-block-paragraph\">El Delegado Almada Palafox reiter\u00f3 que aunado a los programas sociales impulsados por el Presidente Andr\u00e9s Manuel L\u00f3pez Obrador, en este Gobierno de la Presidenta Sheinbaum se agregan tres m\u00e1s y son: Salud Casa por Casa, Pensi\u00f3n Mujeres Bienestar y Beca Universal Rita Cetina.<\/p>\n\n\n\n<p class=\"wp-block-paragraph\">Explic\u00f3 que en el Programa de Salud Casa por Casa, facilitadores de la salud realizan visitas peri\u00f3dicas al domicilio de las y los derechohabientes de la Pensi\u00f3n para el Bienestar de las Personas Adultas Mayores y Pensi\u00f3n para el Bienestar de las Personas con Discapacidad para brindarles atenci\u00f3n m\u00e9dica preventiva y primaria.<\/p>\n\n\n\n<p class=\"wp-block-paragraph\">\u201cLa Secretar\u00eda de Bienestar, a trav\u00e9s de servidores de la naci\u00f3n y promotores, se encarga de realizar el Censo de Salud, y ya la segunda etapa del programa estar\u00e1 a cargo de facilitadores de la salud quienes atender\u00e1n a los derechohabientes de estos dos programas sociales\u201d, explic\u00f3 el delegado.<\/p>\n\n\n\n<p class=\"wp-block-paragraph\">El Censo de Salud continuar\u00e1 realiz\u00e1ndose en todos los municipios del estado, agreg\u00f3 el Delegado, por lo que invit\u00f3 a estar atentos y preparados con copia de su identificaci\u00f3n oficial vigente y CURP actualizada para recibir y responder a las preguntas del cuestionario cuando toquen a su puerta.<\/p>\n\n\n\n<p class=\"wp-block-paragraph\">Finalmente, el Delegado Almada Palafox subray\u00f3 que el personal de la Secretar\u00eda de Bienestar acudir\u00e1 a levantar el Censo a los domicilios debidamente identificado con el chaleco de la dependencia y gafete con nombre, fotograf\u00eda y firma del delegado al reverso.<\/p>\n","protected":false},"excerpt":{"rendered":"<p>\u2022 Se aplica a derechohabientes de las pensiones de adulto mayor y personas con discapacidad \u2022 Personal de la Secretar\u00eda de Bienestar debidamente identificado acude a los domicilios a aplicar el cuestionario En Sonora contin\u00faa realiz\u00e1ndose el Censo de Salud y Bienestar del programa Salud Casa por Casa, uno de los nuevos Programas para el&#8230;<\/p>\n","protected":false},"author":2,"featured_media":65733,"comment_status":"closed","ping_status":"closed","sticky":false,"template":"","format":"standard","meta":{"_crdt_document":"","_exactmetrics_skip_tracking":false,"_exactmetrics_sitenote_active":false,"_exactmetrics_sitenote_note":"","_exactmetrics_sitenote_category":0,"footnotes":""},"categories":[36,26,23,31,27,69],"tags":[71,72,74,28,30],"class_list":["post-65732","post","type-post","status-publish","format-standard","has-post-thumbnail","hentry","category-economia","category-local","category-mexico","category-politica","category-sonora","category-ultimas-noticias","tag-alfonso-durazo","tag-claudia-sheinbaum","tag-hermosillo","tag-nogales","tag-sonora-tierra-de-oportunidades"],"_links":{"self":[{"href":"https:\/\/elpajaritonews.com\/index.php?rest_route=\/wp\/v2\/posts\/65732","targetHints":{"allow":["GET"]}}],"collection":[{"href":"https:\/\/elpajaritonews.com\/index.php?rest_route=\/wp\/v2\/posts"}],"about":[{"href":"https:\/\/elpajaritonews.com\/index.php?rest_route=\/wp\/v2\/types\/post"}],"author":[{"embeddable":true,"href":"https:\/\/elpajaritonews.com\/index.php?rest_route=\/wp\/v2\/users\/2"}],"replies":[{"embeddable":true,"href":"https:\/\/elpajaritonews.com\/index.php?rest_route=%2Fwp%2Fv2%2Fcomments&post=65732"}],"version-history":[{"count":1,"href":"https:\/\/elpajaritonews.com\/index.php?rest_route=\/wp\/v2\/posts\/65732\/revisions"}],"predecessor-version":[{"id":65734,"href":"https:\/\/elpajaritonews.com\/index.php?rest_route=\/wp\/v2\/posts\/65732\/revisions\/65734"}],"wp:featuredmedia":[{"embeddable":true,"href":"https:\/\/elpajaritonews.com\/index.php?rest_route=\/wp\/v2\/media\/65733"}],"wp:attachment":[{"href":"https:\/\/elpajaritonews.com\/index.php?rest_route=%2Fwp%2Fv2%2Fmedia&parent=65732"}],"wp:term":[{"taxonomy":"category","embeddable":true,"href":"https:\/\/elpajaritonews.com\/index.php?rest_route=%2Fwp%2Fv2%2Fcategories&post=65732"},{"taxonomy":"post_tag","embeddable":true,"href":"https:\/\/elpajaritonews.com\/index.php?rest_route=%2Fwp%2Fv2%2Ftags&post=65732"}],"curies":[{"name":"wp","href":"https:\/\/api.w.org\/{rel}","templated":true}]}}