{"id":65738,"date":"2025-05-09T14:10:55","date_gmt":"2025-05-09T21:10:55","guid":{"rendered":"https:\/\/elpajaritonews.com\/?p=65738"},"modified":"2025-05-09T14:10:59","modified_gmt":"2025-05-09T21:10:59","slug":"debe-privilegiarse-agua-para-consumo-humano-ignacio-peinado-luna","status":"publish","type":"post","link":"https:\/\/elpajaritonews.com\/?p=65738","title":{"rendered":"\u00abDEBE PRIVILEGIARSE AGUA PARA CONSUMO HUMANO\u00bb:\u00a0 IGNACIO PEINADO LUNA"},"content":{"rendered":"\n<p class=\"wp-block-paragraph\">Alejandro Matty Ortega\/Irreverente Noticias&nbsp;<\/p>\n\n\n\n<p class=\"wp-block-paragraph\">Hermosillo, Sonora (IN).- Ante la crisis que atraviesa el estado por la sequ\u00eda, falta de lluvias, desperdicio por infraestructura y red potable obsoleta y carencia del vital l\u00edquido, se debe priorizar el agua para consumo humano en Hermosillo.<\/p>\n\n\n\n<p class=\"wp-block-paragraph\">En entrevista para IRREVERENTE NOTICIAS, Ignacio Peinado Luna destac\u00f3 que el agua de los pozos de la ciudad y de La Costa debe ser destinada a los hogares hermosillenses y las aguas tratadas residuales a la industria, comercio y agricultura.<\/p>\n\n\n\n<p class=\"wp-block-paragraph\">El lider de la Uni\u00f3n de Usuarios de Hermosillo (UUH) precis\u00f3 que \u00abes una realidad que con la falta de lluvia, evidentemente hay menos agua en las presas\u00bb.<\/p>\n\n\n\n<p class=\"wp-block-paragraph\">Indic\u00f3 que los mantos acu\u00edferos se van abatiendo en virtud de que la demanda de agua es natural, \u00abde tal suerte que es muy importante que las autoridades de los tres niveles de Gobierno pueda haber una muy buena coordinaci\u00f3n para que se establezcan decisiones pertinentes para que se garantice el derecho humano al acceso al servicio de agua en nuestros hogares\u00bb.<\/p>\n\n\n\n<p class=\"wp-block-paragraph\">Peinado Luna expuso que \u00abpor ejemplo, hemos venido planteando entre otras cosas, uno, el poder sustituir el sistema de distribuci\u00f3n de agua en la ciudad donde se pierde pr\u00e1cticamente 50% de agua en fugas y esa agua la necesitamos en nuestros hogares\u00bb.<\/p>\n\n\n\n<p class=\"wp-block-paragraph\">Precis\u00f3 que el vital l\u00edquido \u00abse est\u00e1 perdiendo en la calle por un sistema hidr\u00e1ulico ya muy obsoleto de tal suerte que se requiere sustituir ese sistema ya viejo, caduco, por evidentemente mejor infraestructura para que pueda haber una mejor distribuci\u00f3n del agua y evidentemente no perder tanto nivel de agua en fugas en la calle\u00bb.<\/p>\n\n\n\n<p class=\"wp-block-paragraph\">En segundo lugar, el tema de la medici\u00f3n de la micromedici\u00f3n en los hogares, \u00abes muy importante, debe haber un esfuerzo por parte de las autoridades de poner medidor de forma gratuita en los hogares donde no lo tienen, toda vez que hay una paradoja, no tienes agua en este momento de la ciudad que es una realidad y que no es nuevo, es hist\u00f3ricamente, pero tambi\u00e9n los altos cobros del servicio del agua est\u00e1n muy puntual a\u00fan cuando no tienes garant\u00eda y un amplio n\u00famero de horas sin el servicio del agua es importante tambi\u00e9n\u00bb.<\/p>\n\n\n\n<p class=\"wp-block-paragraph\">Nacho Peinado estableci\u00f3 que es importante que se pueda tratar el agua residual, \u00abse est\u00e1 tratando a trav\u00e9s de la de la Planta Tratadora de Aguas Residuales el agua que estamos usando los usuarios y estamos pagando 35% de ello\u00bb.<\/p>\n\n\n\n<p class=\"wp-block-paragraph\">Ampli\u00f3 que \u00abnosotros hemos planteado que esa agua que ya se est\u00e1 tratando sea blindada y sea justamente destinada a las familias\u00bb.<\/p>\n\n\n\n<p class=\"wp-block-paragraph\">Expuso que una opci\u00f3n ser\u00eda el poder crear una infraestructura para llevarle esta agua tratada a las empresas, \u00aba la industria a La Manga, Quiroga, todo ese sector donde se abastecen de agua de pozos estas industrias y poderle dar agua tratada y esa agua de primer uso de a trav\u00e9s de pozos de las empresas o industria puede aportar a la fuente de la ciudad, eso es un tema muy importante\u00bb.<\/p>\n\n\n\n<p class=\"wp-block-paragraph\">Ignacio Peinado Luna expres\u00f3 que \u00abla Costa de Hermosillo debiera de darnos agua de primer uso para la ciudad de Hermosillo de los pozos m\u00e1s cercanos\u00bb.<\/p>\n\n\n\n<p class=\"wp-block-paragraph\">Dijo que toda el agua que se est\u00e1 tratando, \u00abmucha de esta agua el volumen se est\u00e1 filtrando y alimentando el manto acu\u00edfero que es muy importante, pero este manto acu\u00edfero va y da a la Costa de Hermosillo\u00bb.<\/p>\n\n\n\n<p class=\"wp-block-paragraph\">En este sentido, en esa reciprocidad de dar agua tratada a cambio de agua de primer uso, \u00abme parece muy importante para el consumo humano\u00bb.<\/p>\n\n\n\n<p class=\"wp-block-paragraph\">Sobre el tema de las presas con el proyecto del Gobierno del Estado, \u00abla infraestructura siempre es importante y bueno, esperamos Dios mediante que pueda llover lo suficiente para que esa infraestructura esas presas que se pretenden materializar pues ciertamente pueda almacenar el agua para el desarrollo y sobre todo para consumo humano de las comunidades y de la ciudad de Hermosillo que requiere evidentemente fuentes adicionales de abasto del agua\u00bb.<\/p>\n\n\n\n<p class=\"wp-block-paragraph\">Por otro lado, \u00abel seguir perforando pozos adquirir derechos o comprar derechos agricultores y ejidatarios para aportar a la ciudad en esta crisis de falta de agua que en este momento pues se se tiene y que se ha venido pues sentando veranos a\u00f1os atr\u00e1s, eso es algo mucho muy importante\u00bb.<\/p>\n\n\n\n<p class=\"wp-block-paragraph\">Por \u00faltimo, Nacho Peinado consider\u00f3 fundamental que la Comisi\u00f3n Nacional del Agua tambi\u00e9n ponga candados porque de acuerdo al Art\u00edculo Cuarto de la Ley de Aguas Nacionales se debe privilegiar el consumo humano el consumo personal y dom\u00e9stico\u00bb&nbsp;<\/p>\n\n\n\n<p class=\"wp-block-paragraph\">\u00abEs decir, se debe de tener una reserva de agua de mantos acu\u00edferos de pozos para destinarlo a la ciudad y no estar dando permisos concesiones t\u00edtulos a diestra y siniestra y luego en este momento que requerimos tanta el agua para consumo humano, pues hay un d\u00e9ficit porque tambi\u00e9n en el pasado no han sido previsores y no han tenido una reserva para la ciudad de Hermosillo y todas las comunidades que requerimos del servicio de agua como un derecho humano\u00bb, culmin\u00f3 el presidente de la Uni\u00f3n de Usuarios de Hermosillo.<\/p>\n","protected":false},"excerpt":{"rendered":"<p>Alejandro Matty Ortega\/Irreverente Noticias&nbsp; Hermosillo, Sonora (IN).- Ante la crisis que atraviesa el estado por la sequ\u00eda, falta de lluvias, desperdicio por infraestructura y red potable obsoleta y carencia del vital l\u00edquido, se debe priorizar el agua para consumo humano en Hermosillo. En entrevista para IRREVERENTE NOTICIAS, Ignacio Peinado Luna destac\u00f3 que el agua de&#8230;<\/p>\n","protected":false},"author":2,"featured_media":65739,"comment_status":"closed","ping_status":"closed","sticky":false,"template":"","format":"standard","meta":{"_crdt_document":"","_exactmetrics_skip_tracking":false,"_exactmetrics_sitenote_active":false,"_exactmetrics_sitenote_note":"","_exactmetrics_sitenote_category":0,"footnotes":""},"categories":[80,36,88,26,37,23,24,31,32,27,69],"tags":[71,72,74,28],"class_list":["post-65738","post","type-post","status-publish","format-standard","has-post-thumbnail","hentry","category-derechos-humanos","category-economia","category-justicia","category-local","category-medio-ambiente","category-mexico","category-mundo","category-politica","category-salud","category-sonora","category-ultimas-noticias","tag-alfonso-durazo","tag-claudia-sheinbaum","tag-hermosillo","tag-nogales"],"_links":{"self":[{"href":"https:\/\/elpajaritonews.com\/index.php?rest_route=\/wp\/v2\/posts\/65738","targetHints":{"allow":["GET"]}}],"collection":[{"href":"https:\/\/elpajaritonews.com\/index.php?rest_route=\/wp\/v2\/posts"}],"about":[{"href":"https:\/\/elpajaritonews.com\/index.php?rest_route=\/wp\/v2\/types\/post"}],"author":[{"embeddable":true,"href":"https:\/\/elpajaritonews.com\/index.php?rest_route=\/wp\/v2\/users\/2"}],"replies":[{"embeddable":true,"href":"https:\/\/elpajaritonews.com\/index.php?rest_route=%2Fwp%2Fv2%2Fcomments&post=65738"}],"version-history":[{"count":1,"href":"https:\/\/elpajaritonews.com\/index.php?rest_route=\/wp\/v2\/posts\/65738\/revisions"}],"predecessor-version":[{"id":65740,"href":"https:\/\/elpajaritonews.com\/index.php?rest_route=\/wp\/v2\/posts\/65738\/revisions\/65740"}],"wp:featuredmedia":[{"embeddable":true,"href":"https:\/\/elpajaritonews.com\/index.php?rest_route=\/wp\/v2\/media\/65739"}],"wp:attachment":[{"href":"https:\/\/elpajaritonews.com\/index.php?rest_route=%2Fwp%2Fv2%2Fmedia&parent=65738"}],"wp:term":[{"taxonomy":"category","embeddable":true,"href":"https:\/\/elpajaritonews.com\/index.php?rest_route=%2Fwp%2Fv2%2Fcategories&post=65738"},{"taxonomy":"post_tag","embeddable":true,"href":"https:\/\/elpajaritonews.com\/index.php?rest_route=%2Fwp%2Fv2%2Ftags&post=65738"}],"curies":[{"name":"wp","href":"https:\/\/api.w.org\/{rel}","templated":true}]}}