{"id":65744,"date":"2025-05-09T17:45:32","date_gmt":"2025-05-10T00:45:32","guid":{"rendered":"https:\/\/elpajaritonews.com\/?p=65744"},"modified":"2025-05-09T17:45:34","modified_gmt":"2025-05-10T00:45:34","slug":"gobernador-durazo-y-gobierno-de-mexico-fortalecen-estrategia-integral-de-paz-en-sonora","status":"publish","type":"post","link":"https:\/\/elpajaritonews.com\/?p=65744","title":{"rendered":"GOBERNADOR DURAZO Y GOBIERNO DE M\u00c9XICO FORTALECEN ESTRATEGIA INTEGRAL DE PAZ EN SONORA"},"content":{"rendered":"\n<p class=\"wp-block-paragraph\">\u2022 El gobernador Alfonso Durazo Monta\u00f1o, acompa\u00f1ado de Roc\u00edo B\u00e1rcena, hizo un llamado a la unidad a las y los presidentes municipales de la entidad para fortalecer la dimensi\u00f3n social de la seguridad y posicionar a Sonora como referente nacional en la implementaci\u00f3n del programa de Construcci\u00f3n de Paz.<\/p>\n\n\n\n<p class=\"wp-block-paragraph\">\u2022 Los 72 municipios de Sonora se integrar\u00e1n a las Mesas de Paz, impulsadas a nivel nacional por la presidenta Claudia Sheinbaum, que contemplan actividades culturales, deportivas y de atenci\u00f3n comunitaria para prevenir la violencia desde sus causas.<\/p>\n\n\n\n<p class=\"wp-block-paragraph\">Con el objetivo de fortalecer la unidad y la acci\u00f3n coordinada entre los tres niveles de gobierno, el gobernador Alfonso Durazo Monta\u00f1o encabez\u00f3 el \u201cEncuentro con Presidentas y Presidentes Municipales para la Creaci\u00f3n de Consejos de Paz\u201d, acompa\u00f1ado por Roc\u00edo B\u00e1rcena Molina, subsecretaria de Construcci\u00f3n de Paz, Participaci\u00f3n Social y Asuntos Religiosos de la Secretar\u00eda de Gobernaci\u00f3n.<\/p>\n\n\n\n<p class=\"wp-block-paragraph\">Durante el evento, el mandatario estatal convoc\u00f3 a las y los alcaldes de los 72 municipios de Sonora a sumar esfuerzos m\u00e1s all\u00e1 de diferencias pol\u00edticas, con el prop\u00f3sito de fortalecer la dimensi\u00f3n social de la seguridad y posicionar a Sonora como referente nacional en la implementaci\u00f3n del programa de Construcci\u00f3n de Paz, impulsado por la presidenta Claudia Sheinbaum Pardo.<\/p>\n\n\n\n<p class=\"wp-block-paragraph\">\u201cSi no aspiramos a dar los mejores resultados de este programa a nivel nacional, dif\u00edcilmente vamos a estar a la altura del reto que nos impone la seguridad p\u00fablica en el estado. Por eso, mi convocatoria es a que sumemos esfuerzos sin regateos, sin llevar el ingrediente de la diferencia o la coincidencia pol\u00edtica, y coincidamos en la necesidad de fortalecer la vertiente social en materia de seguridad. Espero contar con su compromiso\u201d, expres\u00f3.<\/p>\n\n\n\n<p class=\"wp-block-paragraph\">Roc\u00edo B\u00e1rcena explic\u00f3 que el programa contempla la activaci\u00f3n de Mesas de Paz en los 32 estados y 266 regiones del pa\u00eds, con la participaci\u00f3n de m\u00e1s de 2 mil 400 municipios. Estas mesas desarrollar\u00e1n actividades culturales, deportivas y de atenci\u00f3n comunitaria, como ferias de salud, empleo, educaci\u00f3n y servicios b\u00e1sicos, con el prop\u00f3sito de prevenir la violencia desde sus causas.<\/p>\n\n\n\n<p class=\"wp-block-paragraph\">\u201cJuntas y juntos vamos a cambiarle el rostro a sus municipios y colonias, brindando alternativas de vida a las y los j\u00f3venes\u201d, afirm\u00f3 la funcionaria federal.<\/p>\n\n\n\n<p class=\"wp-block-paragraph\">Por su parte, Clara Luz Flores Carrales, titular de la Unidad de Asuntos Religiosos y Prevenci\u00f3n Social, inform\u00f3 que los Comit\u00e9s de Paz se instalar\u00e1n en colonias prioritarias determinadas por los Consejos Municipales de Paz, en coordinaci\u00f3n con el estado y los gobiernos municipales. Destac\u00f3 que la presidenta Claudia Sheinbaum fue pionera en la implementaci\u00f3n de la justicia c\u00edvica en la Ciudad de M\u00e9xico, y ahora busca replicarla a nivel local como parte de esta estrategia integral.<\/p>\n\n\n\n<p class=\"wp-block-paragraph\">El evento concluy\u00f3 con un acto simb\u00f3lico en el que se abander\u00f3 al gobernador Alfonso Durazo Monta\u00f1o y a las y los presidentes municipales de Sonora, reafirmando su compromiso con la estrategia nacional de paz en beneficio de las y los sonorenses.<\/p>\n","protected":false},"excerpt":{"rendered":"<p>\u2022 El gobernador Alfonso Durazo Monta\u00f1o, acompa\u00f1ado de Roc\u00edo B\u00e1rcena, hizo un llamado a la unidad a las y los presidentes municipales de la entidad para fortalecer la dimensi\u00f3n social de la seguridad y posicionar a Sonora como referente nacional en la implementaci\u00f3n del programa de Construcci\u00f3n de Paz. \u2022 Los 72 municipios de Sonora&#8230;<\/p>\n","protected":false},"author":2,"featured_media":65745,"comment_status":"closed","ping_status":"closed","sticky":false,"template":"","format":"standard","meta":{"_crdt_document":"","_exactmetrics_skip_tracking":false,"_exactmetrics_sitenote_active":false,"_exactmetrics_sitenote_note":"","_exactmetrics_sitenote_category":0,"footnotes":""},"categories":[80,23,31,1,27,69],"tags":[71,72,74,28,75,30],"class_list":["post-65744","post","type-post","status-publish","format-standard","has-post-thumbnail","hentry","category-derechos-humanos","category-mexico","category-politica","category-seguridad","category-sonora","category-ultimas-noticias","tag-alfonso-durazo","tag-claudia-sheinbaum","tag-hermosillo","tag-nogales","tag-seguridad-publica","tag-sonora-tierra-de-oportunidades"],"_links":{"self":[{"href":"https:\/\/elpajaritonews.com\/index.php?rest_route=\/wp\/v2\/posts\/65744","targetHints":{"allow":["GET"]}}],"collection":[{"href":"https:\/\/elpajaritonews.com\/index.php?rest_route=\/wp\/v2\/posts"}],"about":[{"href":"https:\/\/elpajaritonews.com\/index.php?rest_route=\/wp\/v2\/types\/post"}],"author":[{"embeddable":true,"href":"https:\/\/elpajaritonews.com\/index.php?rest_route=\/wp\/v2\/users\/2"}],"replies":[{"embeddable":true,"href":"https:\/\/elpajaritonews.com\/index.php?rest_route=%2Fwp%2Fv2%2Fcomments&post=65744"}],"version-history":[{"count":1,"href":"https:\/\/elpajaritonews.com\/index.php?rest_route=\/wp\/v2\/posts\/65744\/revisions"}],"predecessor-version":[{"id":65746,"href":"https:\/\/elpajaritonews.com\/index.php?rest_route=\/wp\/v2\/posts\/65744\/revisions\/65746"}],"wp:featuredmedia":[{"embeddable":true,"href":"https:\/\/elpajaritonews.com\/index.php?rest_route=\/wp\/v2\/media\/65745"}],"wp:attachment":[{"href":"https:\/\/elpajaritonews.com\/index.php?rest_route=%2Fwp%2Fv2%2Fmedia&parent=65744"}],"wp:term":[{"taxonomy":"category","embeddable":true,"href":"https:\/\/elpajaritonews.com\/index.php?rest_route=%2Fwp%2Fv2%2Fcategories&post=65744"},{"taxonomy":"post_tag","embeddable":true,"href":"https:\/\/elpajaritonews.com\/index.php?rest_route=%2Fwp%2Fv2%2Ftags&post=65744"}],"curies":[{"name":"wp","href":"https:\/\/api.w.org\/{rel}","templated":true}]}}