{"id":65854,"date":"2025-05-21T17:18:53","date_gmt":"2025-05-22T00:18:53","guid":{"rendered":"https:\/\/elpajaritonews.com\/?p=65854"},"modified":"2025-05-21T17:18:56","modified_gmt":"2025-05-22T00:18:56","slug":"convocan-a-reunion-informativa-sobre-proyecto-de-presas-en-el-rio-sonora","status":"publish","type":"post","link":"https:\/\/elpajaritonews.com\/?p=65854","title":{"rendered":"CONVOCAN A REUNI\u00d3N INFORMATIVA SOBRE PROYECTO DE PRESAS EN EL R\u00cdO SONORA."},"content":{"rendered":"\n<p class=\"wp-block-paragraph\">Por: Aide D\u00e1vila<\/p>\n\n\n\n<p class=\"wp-block-paragraph\">Pajarito News \/ Irreverente Noticias<\/p>\n\n\n\n<p class=\"wp-block-paragraph\">El s\u00e1bado 24 de mayo a las 18:00 horas se realizar\u00e1 una reuni\u00f3n informativa en la Plaza Guadalupe del municipio de Ures, Sonora.&nbsp;<\/p>\n\n\n\n<p class=\"wp-block-paragraph\">El evento es organizado por el Movimiento por la Defensa del Agua, Vida y Desarrollo del R\u00edo Sonora, con el objetivo de informar a la poblaci\u00f3n sobre el proyecto estatal de construcci\u00f3n de presas en la regi\u00f3n.<\/p>\n\n\n\n<p class=\"wp-block-paragraph\">De acuerdo con los investigadores, la ejecuci\u00f3n de este proyecto podr\u00eda generar impactos ambientales y una reducci\u00f3n significativa en el suministro de agua para m\u00e1s de 30 comunidades, desde Sinoquipe hasta Topahue.<\/p>\n\n\n\n<p class=\"wp-block-paragraph\">Solicitan a las autoridades federales que revisen el proyecto a profundidad, con base en sus posibles implicaciones socioambientales y en la afectaci\u00f3n a comunidades que dependen directamente del caudal del r\u00edo.<\/p>\n\n\n\n<p class=\"wp-block-paragraph\">El tema ha despertado inter\u00e9s a nivel estatal y nacional. Entre destacadas personalidades que han mostrado respaldo se encuentra el actor Irineo \u00c1lvarez, originario de Guadalupe de Ures, Sonora y conocido por su participaci\u00f3n en producciones de Televisa y Telemundo, quien ha expresado p\u00fablicamente su apoyo a la causa y ha colaborado en establecer contacto con personas clave involucradas en el an\u00e1lisis del proyecto.<\/p>\n\n\n\n<p class=\"wp-block-paragraph\">La convocatoria a la reuni\u00f3n es abierta a toda la ciudadan\u00eda. Los organizadores invitan a asistir, informarse y participar en el di\u00e1logo en torno al uso y manejo del agua en la regi\u00f3n.&nbsp;<\/p>\n","protected":false},"excerpt":{"rendered":"<p>Por: Aide D\u00e1vila Pajarito News \/ Irreverente Noticias El s\u00e1bado 24 de mayo a las 18:00 horas se realizar\u00e1 una reuni\u00f3n informativa en la Plaza Guadalupe del municipio de Ures, Sonora.&nbsp; El evento es organizado por el Movimiento por la Defensa del Agua, Vida y Desarrollo del R\u00edo Sonora, con el objetivo de informar a&#8230;<\/p>\n","protected":false},"author":2,"featured_media":65855,"comment_status":"closed","ping_status":"closed","sticky":false,"template":"","format":"standard","meta":{"_crdt_document":"","_exactmetrics_skip_tracking":false,"_exactmetrics_sitenote_active":false,"_exactmetrics_sitenote_note":"","_exactmetrics_sitenote_category":0,"footnotes":""},"categories":[80,26,37,23,31,27,69],"tags":[71,72,74,76,30],"class_list":["post-65854","post","type-post","status-publish","format-standard","has-post-thumbnail","hentry","category-derechos-humanos","category-local","category-medio-ambiente","category-mexico","category-politica","category-sonora","category-ultimas-noticias","tag-alfonso-durazo","tag-claudia-sheinbaum","tag-hermosillo","tag-medio-ambiente","tag-sonora-tierra-de-oportunidades"],"_links":{"self":[{"href":"https:\/\/elpajaritonews.com\/index.php?rest_route=\/wp\/v2\/posts\/65854","targetHints":{"allow":["GET"]}}],"collection":[{"href":"https:\/\/elpajaritonews.com\/index.php?rest_route=\/wp\/v2\/posts"}],"about":[{"href":"https:\/\/elpajaritonews.com\/index.php?rest_route=\/wp\/v2\/types\/post"}],"author":[{"embeddable":true,"href":"https:\/\/elpajaritonews.com\/index.php?rest_route=\/wp\/v2\/users\/2"}],"replies":[{"embeddable":true,"href":"https:\/\/elpajaritonews.com\/index.php?rest_route=%2Fwp%2Fv2%2Fcomments&post=65854"}],"version-history":[{"count":1,"href":"https:\/\/elpajaritonews.com\/index.php?rest_route=\/wp\/v2\/posts\/65854\/revisions"}],"predecessor-version":[{"id":65856,"href":"https:\/\/elpajaritonews.com\/index.php?rest_route=\/wp\/v2\/posts\/65854\/revisions\/65856"}],"wp:featuredmedia":[{"embeddable":true,"href":"https:\/\/elpajaritonews.com\/index.php?rest_route=\/wp\/v2\/media\/65855"}],"wp:attachment":[{"href":"https:\/\/elpajaritonews.com\/index.php?rest_route=%2Fwp%2Fv2%2Fmedia&parent=65854"}],"wp:term":[{"taxonomy":"category","embeddable":true,"href":"https:\/\/elpajaritonews.com\/index.php?rest_route=%2Fwp%2Fv2%2Fcategories&post=65854"},{"taxonomy":"post_tag","embeddable":true,"href":"https:\/\/elpajaritonews.com\/index.php?rest_route=%2Fwp%2Fv2%2Ftags&post=65854"}],"curies":[{"name":"wp","href":"https:\/\/api.w.org\/{rel}","templated":true}]}}