{"id":65867,"date":"2025-05-22T10:44:01","date_gmt":"2025-05-22T17:44:01","guid":{"rendered":"https:\/\/elpajaritonews.com\/?p=65867"},"modified":"2025-05-22T10:44:06","modified_gmt":"2025-05-22T17:44:06","slug":"matan-a-dos-empleados-de-la-embajada-israeli-en-washington","status":"publish","type":"post","link":"https:\/\/elpajaritonews.com\/?p=65867","title":{"rendered":"MATAN A DOS EMPLEADOS DE LA EMBAJADA ISRAEL\u00cd EN WASHINGTON"},"content":{"rendered":"\n<p class=\"wp-block-paragraph\">Dos miembros del personal de la embajada de Israel en Washington fueron asesinados a tiros anoche frente al museo Jud\u00edo Capital, justo detr\u00e1s de la oficina Federal de Investigaci\u00f3n y la Fiscal\u00eda estadunidense. El tirador grit\u00f3 \u201cLibertad para Palestina\u201d antes de disparar y cuando fue detenido, inform\u00f3 la polic\u00eda.<\/p>\n\n\n\n<p class=\"wp-block-paragraph\">\u201cEstos horribles asesinatos de D.C. basados obviamente en el antisemitismo deben terminar, \u00a1Ahora! El odio y el radicalismo no tienen lugar en los Estados Unidos. Condolencias a las familias de las v\u00edctimas. \u00a1Tan triste que cosas como estas puedan suceder! \u00a1Dios los bendiga!\u201d, escribi\u00f3 el presidente, Donald Trump, en su red Truth Social.<\/p>\n\n\n\n<p class=\"wp-block-paragraph\">El sospechoso fue identificado como Elias Rodriguez, de 30 a\u00f1os y residente de Chicago, Illinois.<\/p>\n\n\n\n<p class=\"wp-block-paragraph\">\u201cLlevaremos a este depravado perpetrador ante la justicia\u201d, afirm\u00f3 la secretaria de Seguridad Nacional, Kristi Noem, en redes sociales.<\/p>\n\n\n\n<p class=\"wp-block-paragraph\">El embajador de Israel ante la Organizaci\u00f3n de Naciones Unidas, Dany Danon conden\u00f3 el ataque como \u201cun acto depravado de terrorismo antisemita (\u2026) Confiamos en que las autoridades estadunidenses tomar\u00e1n medidas en\u00e9rgicas contra los responsables de este acto criminal\u201d.<\/p>\n\n\n\n<p class=\"wp-block-paragraph\">\u201cIsrael seguir\u00e1 actuando con determinaci\u00f3n para proteger a sus ciudadanos y representantes en todo el mundo\u201d, advirti\u00f3 en una publicaci\u00f3n en redes sociales.<\/p>\n\n\n\n<p class=\"wp-block-paragraph\">Tal Naim Cohen, portavoz de la embajada de Israel en Washington, dijo que los dos miembros de su personal abatidos eran una pareja a punto de comprometerse; \u00e9l compr\u00f3 un anillo que entregar\u00eda a su novia la pr\u00f3xima semana en Jerusal\u00e9n. Las v\u00edctimas recibieron disparos \u201ca quemarropa\u201d mientras sal\u00edan de una recepci\u00f3n del comit\u00e9 jud\u00edo-americano en el museo.<\/p>\n\n\n\n<p class=\"wp-block-paragraph\">El sospechoso fue observado caminando afuera del museo antes del tiroteo, entr\u00f3 al museo despu\u00e9s del tiroteo y fue detenido por la seguridad del evento, dijo la jefa de la Polic\u00eda Metropolitana, Pamela Smith, en una conferencia de prensa.<\/p>\n\n\n\n<p class=\"wp-block-paragraph\">Cuando fue detenido, el hombre comenz\u00f3 a corear: \u201cPalestina libre, libre\u201d, dijo Smith.<\/p>\n","protected":false},"excerpt":{"rendered":"<p>Dos miembros del personal de la embajada de Israel en Washington fueron asesinados a tiros anoche frente al museo Jud\u00edo Capital, justo detr\u00e1s de la oficina Federal de Investigaci\u00f3n y la Fiscal\u00eda estadunidense. El tirador grit\u00f3 \u201cLibertad para Palestina\u201d antes de disparar y cuando fue detenido, inform\u00f3 la polic\u00eda. \u201cEstos horribles asesinatos de D.C. basados&#8230;<\/p>\n","protected":false},"author":2,"featured_media":65868,"comment_status":"closed","ping_status":"closed","sticky":false,"template":"","format":"standard","meta":{"_crdt_document":"","_exactmetrics_skip_tracking":false,"_exactmetrics_sitenote_active":false,"_exactmetrics_sitenote_note":"","_exactmetrics_sitenote_category":0,"footnotes":""},"categories":[17,31,1,27,69],"tags":[71,74,29,30],"class_list":["post-65867","post","type-post","status-publish","format-standard","has-post-thumbnail","hentry","category-arizona","category-politica","category-seguridad","category-sonora","category-ultimas-noticias","tag-alfonso-durazo","tag-hermosillo","tag-nogales-la-gran-frontera","tag-sonora-tierra-de-oportunidades"],"_links":{"self":[{"href":"https:\/\/elpajaritonews.com\/index.php?rest_route=\/wp\/v2\/posts\/65867","targetHints":{"allow":["GET"]}}],"collection":[{"href":"https:\/\/elpajaritonews.com\/index.php?rest_route=\/wp\/v2\/posts"}],"about":[{"href":"https:\/\/elpajaritonews.com\/index.php?rest_route=\/wp\/v2\/types\/post"}],"author":[{"embeddable":true,"href":"https:\/\/elpajaritonews.com\/index.php?rest_route=\/wp\/v2\/users\/2"}],"replies":[{"embeddable":true,"href":"https:\/\/elpajaritonews.com\/index.php?rest_route=%2Fwp%2Fv2%2Fcomments&post=65867"}],"version-history":[{"count":1,"href":"https:\/\/elpajaritonews.com\/index.php?rest_route=\/wp\/v2\/posts\/65867\/revisions"}],"predecessor-version":[{"id":65869,"href":"https:\/\/elpajaritonews.com\/index.php?rest_route=\/wp\/v2\/posts\/65867\/revisions\/65869"}],"wp:featuredmedia":[{"embeddable":true,"href":"https:\/\/elpajaritonews.com\/index.php?rest_route=\/wp\/v2\/media\/65868"}],"wp:attachment":[{"href":"https:\/\/elpajaritonews.com\/index.php?rest_route=%2Fwp%2Fv2%2Fmedia&parent=65867"}],"wp:term":[{"taxonomy":"category","embeddable":true,"href":"https:\/\/elpajaritonews.com\/index.php?rest_route=%2Fwp%2Fv2%2Fcategories&post=65867"},{"taxonomy":"post_tag","embeddable":true,"href":"https:\/\/elpajaritonews.com\/index.php?rest_route=%2Fwp%2Fv2%2Ftags&post=65867"}],"curies":[{"name":"wp","href":"https:\/\/api.w.org\/{rel}","templated":true}]}}