{"id":65894,"date":"2025-05-23T21:54:27","date_gmt":"2025-05-24T04:54:27","guid":{"rendered":"https:\/\/elpajaritonews.com\/?p=65894"},"modified":"2025-05-23T21:54:32","modified_gmt":"2025-05-24T04:54:32","slug":"abaten-en-sinaloa-a-el-perris-miembro-de-los-chapitos","status":"publish","type":"post","link":"https:\/\/elpajaritonews.com\/?p=65894","title":{"rendered":"ABATEN EN SINALOA A \u2018EL PERRIS\u2019, MIEMBRO DE \u2018LOS CHAPITOS\u2019"},"content":{"rendered":"\n<p class=\"wp-block-paragraph\">Autoridades reportaron el fallecimiento de Humberto Figueroa Ben\u00edtez, conocido como El Perris o El 27, y que fung\u00eda como el sucesor de El Nini dentro de la reconocida facci\u00f3n de Los Chapitos.<\/p>\n\n\n\n<p class=\"wp-block-paragraph\">Los hechos ocurrieron en el municipio de Navolato, Sinaloa, durante un enfrentamiento con elementos de fuerzas federales.<\/p>\n\n\n\n<p class=\"wp-block-paragraph\">M\u00e1s informaci\u00f3n en breve&#8230;<\/p>\n","protected":false},"excerpt":{"rendered":"<p>Autoridades reportaron el fallecimiento de Humberto Figueroa Ben\u00edtez, conocido como El Perris o El 27, y que fung\u00eda como el sucesor de El Nini dentro de la reconocida facci\u00f3n de Los Chapitos. Los hechos ocurrieron en el municipio de Navolato, Sinaloa, durante un enfrentamiento con elementos de fuerzas federales. M\u00e1s informaci\u00f3n en breve&#8230;<\/p>\n","protected":false},"author":2,"featured_media":65895,"comment_status":"closed","ping_status":"closed","sticky":false,"template":"","format":"standard","meta":{"_crdt_document":"","_exactmetrics_skip_tracking":false,"_exactmetrics_sitenote_active":false,"_exactmetrics_sitenote_note":"","_exactmetrics_sitenote_category":0,"footnotes":""},"categories":[88,23,31,1,27,69],"tags":[71,72,74,75],"class_list":["post-65894","post","type-post","status-publish","format-standard","has-post-thumbnail","hentry","category-justicia","category-mexico","category-politica","category-seguridad","category-sonora","category-ultimas-noticias","tag-alfonso-durazo","tag-claudia-sheinbaum","tag-hermosillo","tag-seguridad-publica"],"_links":{"self":[{"href":"https:\/\/elpajaritonews.com\/index.php?rest_route=\/wp\/v2\/posts\/65894","targetHints":{"allow":["GET"]}}],"collection":[{"href":"https:\/\/elpajaritonews.com\/index.php?rest_route=\/wp\/v2\/posts"}],"about":[{"href":"https:\/\/elpajaritonews.com\/index.php?rest_route=\/wp\/v2\/types\/post"}],"author":[{"embeddable":true,"href":"https:\/\/elpajaritonews.com\/index.php?rest_route=\/wp\/v2\/users\/2"}],"replies":[{"embeddable":true,"href":"https:\/\/elpajaritonews.com\/index.php?rest_route=%2Fwp%2Fv2%2Fcomments&post=65894"}],"version-history":[{"count":1,"href":"https:\/\/elpajaritonews.com\/index.php?rest_route=\/wp\/v2\/posts\/65894\/revisions"}],"predecessor-version":[{"id":65896,"href":"https:\/\/elpajaritonews.com\/index.php?rest_route=\/wp\/v2\/posts\/65894\/revisions\/65896"}],"wp:featuredmedia":[{"embeddable":true,"href":"https:\/\/elpajaritonews.com\/index.php?rest_route=\/wp\/v2\/media\/65895"}],"wp:attachment":[{"href":"https:\/\/elpajaritonews.com\/index.php?rest_route=%2Fwp%2Fv2%2Fmedia&parent=65894"}],"wp:term":[{"taxonomy":"category","embeddable":true,"href":"https:\/\/elpajaritonews.com\/index.php?rest_route=%2Fwp%2Fv2%2Fcategories&post=65894"},{"taxonomy":"post_tag","embeddable":true,"href":"https:\/\/elpajaritonews.com\/index.php?rest_route=%2Fwp%2Fv2%2Ftags&post=65894"}],"curies":[{"name":"wp","href":"https:\/\/api.w.org\/{rel}","templated":true}]}}