{"id":65897,"date":"2025-05-23T23:01:44","date_gmt":"2025-05-24T06:01:44","guid":{"rendered":"https:\/\/elpajaritonews.com\/?p=65897"},"modified":"2025-05-23T23:01:47","modified_gmt":"2025-05-24T06:01:47","slug":"hace-vibrar-caifanes-el-foro-rosales-con-el-rock-mexicano-ante-60-mil-asistentes","status":"publish","type":"post","link":"https:\/\/elpajaritonews.com\/?p=65897","title":{"rendered":"HACE VIBRAR CAIFANES EL FORO ROSALES CON EL ROCK MEXICANO ANTE 60 MIL ASISTENTES"},"content":{"rendered":"\n<p class=\"wp-block-paragraph\">&#8211; La emblem\u00e1tica banda de rock mexicano cerr\u00f3 exitosamente la segunda noche de Fiestas del Pitic 2025<\/p>\n\n\n\n<p class=\"wp-block-paragraph\">Con los caracter\u00edsticos riffs de una banda que marc\u00f3 toda una generaci\u00f3n en latinoam\u00e9rica, Caifanes abri\u00f3 concierto ante miles de hermosillenses y visitantes que cantaron a una sola voz himnos del rock en espa\u00f1ol en el Foro Rosales durante una exitosa segunda noche de las Fiestas del Pitic 2025.<\/p>\n\n\n\n<p class=\"wp-block-paragraph\">En medio del entorno c\u00e1lido que ofrece Hermosillo, la emblem\u00e1tica banda int\u00e9rprete de \u00e9xitos como \u00abViento\u00bb, \u00abLa c\u00e9lula que explota\u00bb y \u00abAfuera\u00bb envolvi\u00f3 a los asistentes con sus letras profundas y metaf\u00f3ricas que cargaron de emociones a quienes corearon cada tema con entusiasmo.<\/p>\n\n\n\n<p class=\"wp-block-paragraph\">Con sus tel\u00e9fonos en mano, el p\u00fablico entregado a Caifanes desde el primer momento aprovech\u00f3 el emotivo concierto para guardar memorias tomando fotos y videos de la emblem\u00e1tica agrupaci\u00f3n.<\/p>\n\n\n\n<p class=\"wp-block-paragraph\">Conformado actualmente por Sa\u00fal Hern\u00e1ndez (voz y guitarra), Alfonso Andr\u00e9 (bater\u00eda), Diego Herrera (teclados, saxof\u00f3n y jarana), Rodrigo Baills (guitarra) y Marco Renter\u00eda (Bajo), el grupo ofreci\u00f3 un recorrido sonoro por m\u00e1s de tres d\u00e9cadas de historia musical que marc\u00f3 a toda una generaci\u00f3n en M\u00e9xico y Am\u00e9rica Latina.<\/p>\n\n\n\n<p class=\"wp-block-paragraph\">El Foro Rosales se consolid\u00f3 as\u00ed como un espacio cultural de la ciudad, vibrante y lleno de vida, en esta edici\u00f3n especial de las Fiestas del Pitic que celebran los 325 a\u00f1os de Hermosillo. La fiesta contin\u00faa todo el fin de semana con m\u00e1s m\u00fasica, arte y comunidad.<\/p>\n\n\n\n<p class=\"wp-block-paragraph\">Las Fiestas del Pitic continuar\u00e1n con actividades en el Foro Rosales como Miguel Bos\u00e9 a las 10:30 pm el s\u00e1bado 24 de mayo y para cerrar esta tradicional celebraci\u00f3n Ed\u00e9n Mu\u00f1oz har\u00e1 bailar a su p\u00fablico a partir de las 9:30 pm el domingo 25 de mayo.<\/p>\n\n\n\n<p class=\"wp-block-paragraph\">\u00a1\u00a1\u00a1M\u00c1S DE 60 MIL PERSONAS EN CONCIERTO DE #CAIFANES!!!<\/p>\n\n\n\n<p class=\"wp-block-paragraph\">#FiestasDelPitic2025<\/p>\n","protected":false},"excerpt":{"rendered":"<p>&#8211; La emblem\u00e1tica banda de rock mexicano cerr\u00f3 exitosamente la segunda noche de Fiestas del Pitic 2025 Con los caracter\u00edsticos riffs de una banda que marc\u00f3 toda una generaci\u00f3n en latinoam\u00e9rica, Caifanes abri\u00f3 concierto ante miles de hermosillenses y visitantes que cantaron a una sola voz himnos del rock en espa\u00f1ol en el Foro Rosales&#8230;<\/p>\n","protected":false},"author":2,"featured_media":65898,"comment_status":"closed","ping_status":"closed","sticky":false,"template":"","format":"standard","meta":{"_crdt_document":"","_exactmetrics_skip_tracking":false,"_exactmetrics_sitenote_active":false,"_exactmetrics_sitenote_note":"","_exactmetrics_sitenote_category":0,"footnotes":""},"categories":[22,26,31,27,84,69],"tags":[74],"class_list":["post-65897","post","type-post","status-publish","format-standard","has-post-thumbnail","hentry","category-escena","category-local","category-politica","category-sonora","category-turismo","category-ultimas-noticias","tag-hermosillo"],"_links":{"self":[{"href":"https:\/\/elpajaritonews.com\/index.php?rest_route=\/wp\/v2\/posts\/65897","targetHints":{"allow":["GET"]}}],"collection":[{"href":"https:\/\/elpajaritonews.com\/index.php?rest_route=\/wp\/v2\/posts"}],"about":[{"href":"https:\/\/elpajaritonews.com\/index.php?rest_route=\/wp\/v2\/types\/post"}],"author":[{"embeddable":true,"href":"https:\/\/elpajaritonews.com\/index.php?rest_route=\/wp\/v2\/users\/2"}],"replies":[{"embeddable":true,"href":"https:\/\/elpajaritonews.com\/index.php?rest_route=%2Fwp%2Fv2%2Fcomments&post=65897"}],"version-history":[{"count":1,"href":"https:\/\/elpajaritonews.com\/index.php?rest_route=\/wp\/v2\/posts\/65897\/revisions"}],"predecessor-version":[{"id":65899,"href":"https:\/\/elpajaritonews.com\/index.php?rest_route=\/wp\/v2\/posts\/65897\/revisions\/65899"}],"wp:featuredmedia":[{"embeddable":true,"href":"https:\/\/elpajaritonews.com\/index.php?rest_route=\/wp\/v2\/media\/65898"}],"wp:attachment":[{"href":"https:\/\/elpajaritonews.com\/index.php?rest_route=%2Fwp%2Fv2%2Fmedia&parent=65897"}],"wp:term":[{"taxonomy":"category","embeddable":true,"href":"https:\/\/elpajaritonews.com\/index.php?rest_route=%2Fwp%2Fv2%2Fcategories&post=65897"},{"taxonomy":"post_tag","embeddable":true,"href":"https:\/\/elpajaritonews.com\/index.php?rest_route=%2Fwp%2Fv2%2Ftags&post=65897"}],"curies":[{"name":"wp","href":"https:\/\/api.w.org\/{rel}","templated":true}]}}