{"id":65903,"date":"2025-05-24T17:22:58","date_gmt":"2025-05-25T00:22:58","guid":{"rendered":"https:\/\/elpajaritonews.com\/?p=65903"},"modified":"2025-05-24T17:23:02","modified_gmt":"2025-05-25T00:23:02","slug":"de-ser-necesario-nos-vamos-a-movilizar-no-queremos-impuestos-a-las-remesas-sheinbaum-reitera-apoyo-a-mexicanos-en-eua","status":"publish","type":"post","link":"https:\/\/elpajaritonews.com\/?p=65903","title":{"rendered":"\u00abDE SER NECESARIO, NOS VAMOS A MOVILIZAR, NO QUEREMOS IMPUESTOS A LAS REMESAS\u00bb: SHEINBAUM REITERA APOYO A MEXICANOS EN EUA"},"content":{"rendered":"\n<ul class=\"wp-block-list\">\n<li>Present\u00f3 Proyectos Prioritarios para San Luis Potos\u00ed con obras carreteras, de infraestructura para agua potable y tren de pasajeros<\/li>\n\n\n\n<li>\u201cToda la Huasteca va a estar comunicada\u201d, afirm\u00f3<\/li>\n<\/ul>\n\n\n\n<figure class=\"wp-block-embed is-type-video is-provider-youtube wp-block-embed-youtube wp-embed-aspect-16-9 wp-has-aspect-ratio\"><div class=\"wp-block-embed__wrapper\">\n<iframe loading=\"lazy\" title=\"Proyectos prioritarios de San Luis Potos\u00ed. Villa Hidalgo, San Luis Potos\u00ed\" width=\"640\" height=\"360\" src=\"https:\/\/www.youtube.com\/embed\/N0RYojLNXYQ?feature=oembed\" frameborder=\"0\" allow=\"accelerometer; autoplay; clipboard-write; encrypted-media; gyroscope; picture-in-picture; web-share\" referrerpolicy=\"strict-origin-when-cross-origin\" allowfullscreen><\/iframe>\n<\/div><\/figure>\n\n\n\n<p class=\"wp-block-paragraph\">La Presidenta de M\u00e9xico, Claudia Sheinbaum Pardo, anunci\u00f3 que, de ser necesario, habr\u00e1 movilizaciones en contra del impuesto de 3.5% a las remesas que env\u00edan las y los migrantes mexicanos a sus familias y el cual fue aprobado por la C\u00e1mara de Representantes de Estados Unidos.<\/p>\n\n\n\n<p class=\"wp-block-paragraph\">\u201cHicimos un llamado para que nuestros paisanos que est\u00e1n all\u00e1, muchos de ellos ya tienen la doble nacionalidad y siguen ayudando a sus familias, porque las mexicanas y los mexicanos somos solidarios, le enviaran cartas, correos electr\u00f3nicos, en sus redes sociales a los senadores para que les digan que no estamos de acuerdo con eso y vamos a seguir informando, porque de ser necesario, nos vamos a movilizar porque no queremos que haya impuestos a las remesas de nuestros paisanos, de Estados Unidos a M\u00e9xico, que atienden a los m\u00e1s necesitados\u201d, anunci\u00f3 durante la presentaci\u00f3n de los Proyectos Prioritarios de San Luis Potos\u00ed.<\/p>\n\n\n\n<p class=\"wp-block-paragraph\">Entre los proyectos que dio a conocer, destac\u00f3 la construcci\u00f3n de obras carreteras, infraestructura para garantizar el suministro de agua potable y una l\u00ednea de tren de pasajeros que van a conectar a esta entidad con la Ciudad de M\u00e9xico y el norte del pa\u00eds.<\/p>\n\n\n\n<p class=\"wp-block-paragraph\">\u201cAqu\u00ed vamos a hacer la carretera que viene de Huejutla en Hidalgo hasta Tamazunchale, ya el Presidente L\u00f3pez Obrador hizo la de Tamazunchale-Ciudad Valles y nosotros de ah\u00ed vamos Ciudad Valles-Tampico, entonces toda la Huasteca va a estar comunicada. Ah\u00ed mismo en la Huasteca vamos a hacer el Aeropuerto de Tamu\u00edn, ese empieza el pr\u00f3ximo a\u00f1o, y adem\u00e1s ya saben que se est\u00e1 haciendo la San Luis Potos\u00ed-Matehuala que se est\u00e1 desarrollando, esa es con fondos privados tambi\u00e9n\u201d, inform\u00f3.<\/p>\n\n\n\n<p class=\"wp-block-paragraph\">Sobre las acciones para garantizar el suministro de agua potable, dio a conocer que hay trabajo coordinado con el gobernador de San Luis Potos\u00ed, Ricardo Gallardo Cardona, con proyectos que ser\u00e1n anunciados pr\u00f3ximamente, que representan una inversi\u00f3n de 960 millones de pesos para este estado, solo en 2025.<\/p>\n\n\n\n<p class=\"wp-block-paragraph\">Record\u00f3 que en el gobierno del expresidente Andr\u00e9s Manuel L\u00f3pez Obrador se rescataron los trenes de pasajeros que fueron privatizados en los gobiernos neoliberales y destac\u00f3 la construcci\u00f3n del Tren M\u00e9xico-Quer\u00e9taro, que va a conectar tambi\u00e9n con San Luis Potos\u00ed.<\/p>\n\n\n\n<p class=\"wp-block-paragraph\">\u201cNosotros decidimos que nos \u00edbamos a ir hacia el norte, entonces ya inici\u00f3 la construcci\u00f3n del Tren Ciudad de M\u00e9xico-Quer\u00e9taro y el pr\u00f3ximo a\u00f1o Quer\u00e9taro-San Luis Potos\u00ed y nos vamos a ir hasta Nuevo Laredo\u201d, anunci\u00f3.<\/p>\n\n\n\n<p class=\"wp-block-paragraph\">Agreg\u00f3 que tambi\u00e9n este a\u00f1o inici\u00f3 la construcci\u00f3n del Tren M\u00e9xico-Pachuca y se va a iniciar una parte que va de Quer\u00e9taro a Guadalajara, en la l\u00ednea que llega hasta Irapuato. Se trata de 3 mil kil\u00f3metros de trenes de pasajeros que van a conectar a la Ciudad de M\u00e9xico con Nuevo Laredo del lado del Golfo de M\u00e9xico y por el Pac\u00edfico la l\u00ednea que va de la capital del pa\u00eds hasta Nogales, en Sonora.<\/p>\n","protected":false},"excerpt":{"rendered":"<p>La Presidenta de M\u00e9xico, Claudia Sheinbaum Pardo, anunci\u00f3 que, de ser necesario, habr\u00e1 movilizaciones en contra del impuesto de 3.5% a las remesas que env\u00edan las y los migrantes mexicanos a sus familias y el cual fue aprobado por la C\u00e1mara de Representantes de Estados Unidos. \u201cHicimos un llamado para que nuestros paisanos que est\u00e1n&#8230;<\/p>\n","protected":false},"author":2,"featured_media":65904,"comment_status":"closed","ping_status":"closed","sticky":false,"template":"","format":"standard","meta":{"_crdt_document":"","_exactmetrics_skip_tracking":false,"_exactmetrics_sitenote_active":false,"_exactmetrics_sitenote_note":"","_exactmetrics_sitenote_category":0,"footnotes":""},"categories":[17,80,36,89,23,38,31,1,27,69],"tags":[71,72,28,75,30],"class_list":["post-65903","post","type-post","status-publish","format-standard","has-post-thumbnail","hentry","category-arizona","category-derechos-humanos","category-economia","category-estados-unidos","category-mexico","category-migracion","category-politica","category-seguridad","category-sonora","category-ultimas-noticias","tag-alfonso-durazo","tag-claudia-sheinbaum","tag-nogales","tag-seguridad-publica","tag-sonora-tierra-de-oportunidades"],"_links":{"self":[{"href":"https:\/\/elpajaritonews.com\/index.php?rest_route=\/wp\/v2\/posts\/65903","targetHints":{"allow":["GET"]}}],"collection":[{"href":"https:\/\/elpajaritonews.com\/index.php?rest_route=\/wp\/v2\/posts"}],"about":[{"href":"https:\/\/elpajaritonews.com\/index.php?rest_route=\/wp\/v2\/types\/post"}],"author":[{"embeddable":true,"href":"https:\/\/elpajaritonews.com\/index.php?rest_route=\/wp\/v2\/users\/2"}],"replies":[{"embeddable":true,"href":"https:\/\/elpajaritonews.com\/index.php?rest_route=%2Fwp%2Fv2%2Fcomments&post=65903"}],"version-history":[{"count":1,"href":"https:\/\/elpajaritonews.com\/index.php?rest_route=\/wp\/v2\/posts\/65903\/revisions"}],"predecessor-version":[{"id":65905,"href":"https:\/\/elpajaritonews.com\/index.php?rest_route=\/wp\/v2\/posts\/65903\/revisions\/65905"}],"wp:featuredmedia":[{"embeddable":true,"href":"https:\/\/elpajaritonews.com\/index.php?rest_route=\/wp\/v2\/media\/65904"}],"wp:attachment":[{"href":"https:\/\/elpajaritonews.com\/index.php?rest_route=%2Fwp%2Fv2%2Fmedia&parent=65903"}],"wp:term":[{"taxonomy":"category","embeddable":true,"href":"https:\/\/elpajaritonews.com\/index.php?rest_route=%2Fwp%2Fv2%2Fcategories&post=65903"},{"taxonomy":"post_tag","embeddable":true,"href":"https:\/\/elpajaritonews.com\/index.php?rest_route=%2Fwp%2Fv2%2Ftags&post=65903"}],"curies":[{"name":"wp","href":"https:\/\/api.w.org\/{rel}","templated":true}]}}