{"id":65919,"date":"2025-05-26T16:49:53","date_gmt":"2025-05-26T23:49:53","guid":{"rendered":"https:\/\/elpajaritonews.com\/?p=65919"},"modified":"2025-05-26T16:49:56","modified_gmt":"2025-05-26T23:49:56","slug":"locatarios-del-mercado-municipal-de-hermosillo-esperan-repunte-en-ventas-con-proxima-reapertura","status":"publish","type":"post","link":"https:\/\/elpajaritonews.com\/?p=65919","title":{"rendered":"LOCATARIOS DEL MERCADO MUNICIPAL DE HERMOSILLO ESPERAN REPUNTE EN VENTAS CON PR\u00d3XIMA REAPERTURA."},"content":{"rendered":"\n<p class=\"wp-block-paragraph\">Por:<\/p>\n\n\n\n<p class=\"wp-block-paragraph\">Aide D\u00e1vila<\/p>\n\n\n\n<p class=\"wp-block-paragraph\">Locatarios del Mercado Municipal de Hermosillo manifestaron su expectativa de que las ventas se incrementen con la pr\u00f3xima reapertura del inmueble, tras la rehabilitaci\u00f3n realizada por el Gobierno del Estado de Sonora.<\/p>\n\n\n\n<p class=\"wp-block-paragraph\">Durante el proceso de modernizaci\u00f3n, los comerciantes se reubicaron en locales aleda\u00f1os para continuar con sus actividades. Sin embargo, se\u00f1alaron que esta medida temporal afect\u00f3 el flujo de clientes y, en consecuencia, sus ingresos disminuyeron en comparaci\u00f3n con las ventas que registraban en sus espacios originales dentro del mercado.<\/p>\n\n\n\n<p class=\"wp-block-paragraph\">Los locatarios reconocieron que las nuevas instalaciones cuentan con mejoras significativas en infraestructura y condiciones operativas. Aseguran que este nuevo entorno contribuir\u00e1 a ofrecer un mejor servicio a los consumidores y facilitar\u00e1 el desarrollo de sus actividades comerciales.<\/p>\n\n\n\n<p class=\"wp-block-paragraph\">Agradecieron al Gobierno del Estado por la inversi\u00f3n destinada a la rehabilitaci\u00f3n del mercado, un espacio con valor hist\u00f3rico y comercial para la ciudad. Coinciden en que la reapertura marca una nueva etapa para sus negocios y para el dinamismo econ\u00f3mico del centro de Hermosillo.<\/p>\n\n\n\n<p class=\"wp-block-paragraph\">Se espera que en los pr\u00f3ximos d\u00edas se anuncie la fecha oficial de reapertura, con lo cual los comerciantes retornar\u00e1n a sus espacios originales dentro del inmueble remodelado.<\/p>\n","protected":false},"excerpt":{"rendered":"<p>Por: Aide D\u00e1vila Locatarios del Mercado Municipal de Hermosillo manifestaron su expectativa de que las ventas se incrementen con la pr\u00f3xima reapertura del inmueble, tras la rehabilitaci\u00f3n realizada por el Gobierno del Estado de Sonora. Durante el proceso de modernizaci\u00f3n, los comerciantes se reubicaron en locales aleda\u00f1os para continuar con sus actividades. Sin embargo, se\u00f1alaron&#8230;<\/p>\n","protected":false},"author":2,"featured_media":65920,"comment_status":"closed","ping_status":"closed","sticky":false,"template":"","format":"standard","meta":{"_crdt_document":"","_exactmetrics_skip_tracking":false,"_exactmetrics_sitenote_active":false,"_exactmetrics_sitenote_note":"","_exactmetrics_sitenote_category":0,"footnotes":""},"categories":[36,26,31,27,84,69],"tags":[71,74,30],"class_list":["post-65919","post","type-post","status-publish","format-standard","has-post-thumbnail","hentry","category-economia","category-local","category-politica","category-sonora","category-turismo","category-ultimas-noticias","tag-alfonso-durazo","tag-hermosillo","tag-sonora-tierra-de-oportunidades"],"_links":{"self":[{"href":"https:\/\/elpajaritonews.com\/index.php?rest_route=\/wp\/v2\/posts\/65919","targetHints":{"allow":["GET"]}}],"collection":[{"href":"https:\/\/elpajaritonews.com\/index.php?rest_route=\/wp\/v2\/posts"}],"about":[{"href":"https:\/\/elpajaritonews.com\/index.php?rest_route=\/wp\/v2\/types\/post"}],"author":[{"embeddable":true,"href":"https:\/\/elpajaritonews.com\/index.php?rest_route=\/wp\/v2\/users\/2"}],"replies":[{"embeddable":true,"href":"https:\/\/elpajaritonews.com\/index.php?rest_route=%2Fwp%2Fv2%2Fcomments&post=65919"}],"version-history":[{"count":1,"href":"https:\/\/elpajaritonews.com\/index.php?rest_route=\/wp\/v2\/posts\/65919\/revisions"}],"predecessor-version":[{"id":65921,"href":"https:\/\/elpajaritonews.com\/index.php?rest_route=\/wp\/v2\/posts\/65919\/revisions\/65921"}],"wp:featuredmedia":[{"embeddable":true,"href":"https:\/\/elpajaritonews.com\/index.php?rest_route=\/wp\/v2\/media\/65920"}],"wp:attachment":[{"href":"https:\/\/elpajaritonews.com\/index.php?rest_route=%2Fwp%2Fv2%2Fmedia&parent=65919"}],"wp:term":[{"taxonomy":"category","embeddable":true,"href":"https:\/\/elpajaritonews.com\/index.php?rest_route=%2Fwp%2Fv2%2Fcategories&post=65919"},{"taxonomy":"post_tag","embeddable":true,"href":"https:\/\/elpajaritonews.com\/index.php?rest_route=%2Fwp%2Fv2%2Ftags&post=65919"}],"curies":[{"name":"wp","href":"https:\/\/api.w.org\/{rel}","templated":true}]}}