{"id":65922,"date":"2025-05-26T21:11:46","date_gmt":"2025-05-27T04:11:46","guid":{"rendered":"https:\/\/elpajaritonews.com\/?p=65922"},"modified":"2025-05-26T21:11:51","modified_gmt":"2025-05-27T04:11:51","slug":"rescate-del-mercado-municipal-es-una-realidad-gobernador-durazo-entrega-instalaciones-renovadas-a-locatarios","status":"publish","type":"post","link":"https:\/\/elpajaritonews.com\/?p=65922","title":{"rendered":"RESCATE DEL MERCADO MUNICIPAL ES UNA REALIDAD; GOBERNADOR DURAZO ENTREGA INSTALACIONES RENOVADAS A LOCATARIOS"},"content":{"rendered":"\n<p class=\"wp-block-paragraph\">&#8211; Gracias al liderazgo del gobernador Alfonso Durazo Monta\u00f1o, el Mercado Municipal No. 1 \u201cJos\u00e9 Mar\u00eda Pino Su\u00e1rez\u201d fue entregado a las y los locatarios para que vuelva a abrir sus puertas totalmente renovado, seguro y m\u00e1s funcional que nunca, preservando su esencia cultural en el coraz\u00f3n del Centro Hist\u00f3rico de Hermosillo, listo para mantenerse vivo 100 a\u00f1os m\u00e1s.<\/p>\n\n\n\n<p class=\"wp-block-paragraph\">&#8211; A partir de esta entrega, se inicia con el proceso de instalaci\u00f3n de las y los locatarios en sus espacios al interior del Mercado para reabrir pr\u00f3ximamente las puertas al p\u00fablico y se recobre la esencia de cultura, tradici\u00f3n y gastronom\u00eda que lo caracteriza. A fin de dar a conocer a la ciudadan\u00eda el trabajo realizado para el rescate integral de este edificio hist\u00f3rico, esta semana habr\u00e1 visitas guiadas para que todas y todos disfruten y redescubran este \u00edcono del patrimonio sonorense.<\/p>\n\n\n\n<figure class=\"wp-block-embed is-type-video is-provider-youtube wp-block-embed-youtube wp-embed-aspect-16-9 wp-has-aspect-ratio\"><div class=\"wp-block-embed__wrapper\">\n<iframe loading=\"lazy\" title=\"#EnVivo en la entrega de obra del Mercado Municipal No. 1 de Hermosillo - #RescatamosElMercado\" width=\"640\" height=\"360\" src=\"https:\/\/www.youtube.com\/embed\/wILivDkiVXg?feature=oembed\" frameborder=\"0\" allow=\"accelerometer; autoplay; clipboard-write; encrypted-media; gyroscope; picture-in-picture; web-share\" referrerpolicy=\"strict-origin-when-cross-origin\" allowfullscreen><\/iframe>\n<\/div><\/figure>\n\n\n\n<p class=\"wp-block-paragraph\">El Mercado Municipal No. \u201cJos\u00e9 Mar\u00eda Pino Su\u00e1rez\u201d vivir\u00e1 100 a\u00f1os m\u00e1s; con la entrega oficial del edificio hist\u00f3rico renovado, por parte del gobernador Alfonso Durazo Monta\u00f1o a las y los locatarios, se cumple el compromiso de rescatar el patrimonio sonorense y dar a este sitio emblem\u00e1tico en el coraz\u00f3n de Hermosillo el valor que merece.<\/p>\n\n\n\n<p class=\"wp-block-paragraph\">A partir de esta entrega, el mandatario sonorense se\u00f1al\u00f3 que se inicia con el proceso de instalaci\u00f3n de las y los locatarios en sus espacios al interior del Mercado para reabrir pr\u00f3ximamente las puertas al p\u00fablico y se recobre la esencia de cultura, tradici\u00f3n y gastronom\u00eda que lo caracteriza. Como parte de la celebraci\u00f3n por su rescate, durante esta semana se realizar\u00e1n visitas guiadas, donde se podr\u00e1 conocer la historia, los detalles arquitect\u00f3nicos y la nueva cara de este tesoro patrimonial.&nbsp;<\/p>\n\n\n\n<p class=\"wp-block-paragraph\">Por primera vez en 100 a\u00f1os, el gobernador Alfonso Durazo logr\u00f3 la rehabilitaci\u00f3n y transformaci\u00f3n del Mercado Municipal, quien encabez\u00f3 una intervenci\u00f3n sin precedentes de la mano del Instituto Nacional de Antropolog\u00eda e Historia (INAH) marcando un antes y un despu\u00e9s en la historia del emblem\u00e1tico recinto.<\/p>\n\n\n\n<p class=\"wp-block-paragraph\">\u00abMe da particular satisfacci\u00f3n estar el d\u00eda de hoy con ustedes para atestiguar este gran paso que damos en la transformaci\u00f3n de Sonora, en la transformaci\u00f3n de Hermosillo. Aqu\u00ed no solo estamos rescatando un centro comercial, estamos rescatando un patrimonio que tiene un extraordinario valor en t\u00e9rminos culturales, en t\u00e9rminos hist\u00f3ricos y por supuesto en t\u00e9rminos econ\u00f3micos. Lo hemos conseguido gracias a la suma de invariables esfuerzos\u00bb, coment\u00f3.<\/p>\n\n\n\n<p class=\"wp-block-paragraph\">Con una inversi\u00f3n hist\u00f3rica de m\u00e1s de 120 millones de pesos, se renovaron estructuras, techos, instalaciones el\u00e9ctricas, hidr\u00e1ulicas y sanitarias, pisos, fachadas y espacios gastron\u00f3micos. El resultado es un mercado seguro, accesible, funcional y lleno de vida, que honra su legado con mira hacia el futuro.<\/p>\n\n\n\n<p class=\"wp-block-paragraph\">El Mercado Municipal vuelve a ser el punto de encuentro que ha unido por d\u00e9cadas a las familias de Hermosillo. Con la entrega de esta obra, el Gobierno de Sonora cumple un sue\u00f1o colectivo, donde el comercio local, la cultura y la convivencia dar\u00e1n vida a este espacio emblem\u00e1tico que se preserva como s\u00edmbolo de identidad y motor econ\u00f3mico del Centro Hist\u00f3rico.<\/p>\n\n\n\n<p class=\"wp-block-paragraph\">Locatarios y visitantes agradecen y reconocen a Gobernador Durazo por rescate integral del Mercado Municipal<\/p>\n\n\n\n<p class=\"wp-block-paragraph\">Un d\u00eda de celebraci\u00f3n, cargado de emociones entre alegr\u00eda y nostalgia, es el que vivieron las y los locatarios del Mercado Municipal No. 1 \u00abJos\u00e9 Mar\u00eda Pino Su\u00e1rez\u201d, con la entrega de obra de la rehabilitaci\u00f3n integral del emblem\u00e1tico inmueble por parte del gobernador Alfonso Durazo Monta\u00f1o.<\/p>\n\n\n\n<p class=\"wp-block-paragraph\">\u00abEstamos viviendo un momento hist\u00f3rico, algo que en 100 a\u00f1os no se hab\u00eda logrado y se hizo gracias al gobernador Alfonso Durazo y me siento muy contento y emocionado porque quedamos en la historia del Mercado Municipal. Invitamos a qu\u00e9 vengan, el Mercado qued\u00f3 muy bonito, muy funcional, muy bien hecho, se van a llevar una experiencia muy agradable\u00bb, expres\u00f3 el locatario Jos\u00e9 Cota.<\/p>\n\n\n\n<p class=\"wp-block-paragraph\">Desde hace 60 a\u00f1os la se\u00f1ora Remedios Vel\u00e1zquez atiende con mucho entusiasmo en la fruter\u00eda \u201cRemedios\u201d. Este d\u00eda, vio hecho una realidad el sue\u00f1o de todos los locatarios con un Mercado Municipal totalmente renovado.<\/p>\n\n\n\n<p class=\"wp-block-paragraph\">\u00abMucha emoci\u00f3n, mucho gusto, mucha satisfacci\u00f3n; les qued\u00f3 bello el Mercado. Nunca pensamos que podr\u00edamos llegar a esto, gracias al gobernador\u201d, asegur\u00f3.<\/p>\n\n\n\n<p class=\"wp-block-paragraph\">\u00abMuy contenta, se siente incre\u00edble que haya quedado tan bonito el Mercado sin perder su est\u00e9tica original. Siempre se le hab\u00edan dado manitas de gato, pero no como esta, fue completa e integral\u201d, afirm\u00f3 Mar\u00eda Vald\u00e9z, locataria.<\/p>\n\n\n\n<p class=\"wp-block-paragraph\">\u00abAhorita me entr\u00f3 el sentimiento, quise llorar porque me vio crecer el Mercado, desde chiquita me traen, ya que mis abuelos son locatarios y verlo renovado me genera una sensaci\u00f3n muy bonita. Muchas gracias por el apoyo, por renovarlo, por otros 100 a\u00f1os m\u00e1s, gracias\u00bb, coment\u00f3 Corina Castillo, locataria.&nbsp;<\/p>\n\n\n\n<p class=\"wp-block-paragraph\">\u00abEncantados, felices y muy agradecidos con el gobernador que nos est\u00e1 entregando un Mercado para 100 a\u00f1os m\u00e1s\u00bb, subray\u00f3 Elvia Preciado Valenzuela, locataria.<\/p>\n\n\n\n<p class=\"wp-block-paragraph\">Con la remodelaci\u00f3n integral del Mercado Municipal, impulsada por el gobernador Durazo Monta\u00f1o, se promueve la econom\u00eda local y fortalece la uni\u00f3n de la comunidad, como lo coment\u00f3 Berenice Castro.<\/p>\n\n\n\n<p class=\"wp-block-paragraph\">\u00abQu\u00e9 bien, qu\u00e9 bueno que hizo esta obra para que se sienta mejor la comunidad al venir a comprar\u00bb, afirm\u00f3.<\/p>\n\n\n\n<p class=\"wp-block-paragraph\">\u00abDesde 1950, de chamaco ven\u00eda mucho cuando ten\u00eda 10 a\u00f1os. Muchas gracias gobernador por haber renovado el Mercado, qued\u00f3 como nuevo\u00bb, subray\u00f3 el se\u00f1or H\u00e9ctor Contreras.<\/p>\n","protected":false},"excerpt":{"rendered":"<p>&#8211; Gracias al liderazgo del gobernador Alfonso Durazo Monta\u00f1o, el Mercado Municipal No. 1 \u201cJos\u00e9 Mar\u00eda Pino Su\u00e1rez\u201d fue entregado a las y los locatarios para que vuelva a abrir sus puertas totalmente renovado, seguro y m\u00e1s funcional que nunca, preservando su esencia cultural en el coraz\u00f3n del Centro Hist\u00f3rico de Hermosillo, listo para mantenerse&#8230;<\/p>\n","protected":false},"author":2,"featured_media":65923,"comment_status":"closed","ping_status":"closed","sticky":false,"template":"","format":"standard","meta":{"_crdt_document":"","_exactmetrics_skip_tracking":false,"_exactmetrics_sitenote_active":false,"_exactmetrics_sitenote_note":"","_exactmetrics_sitenote_category":0,"footnotes":""},"categories":[36,26,31,27,84,69,65],"tags":[71,74,30],"class_list":["post-65922","post","type-post","status-publish","format-standard","has-post-thumbnail","hentry","category-economia","category-local","category-politica","category-sonora","category-turismo","category-ultimas-noticias","category-videos","tag-alfonso-durazo","tag-hermosillo","tag-sonora-tierra-de-oportunidades"],"_links":{"self":[{"href":"https:\/\/elpajaritonews.com\/index.php?rest_route=\/wp\/v2\/posts\/65922","targetHints":{"allow":["GET"]}}],"collection":[{"href":"https:\/\/elpajaritonews.com\/index.php?rest_route=\/wp\/v2\/posts"}],"about":[{"href":"https:\/\/elpajaritonews.com\/index.php?rest_route=\/wp\/v2\/types\/post"}],"author":[{"embeddable":true,"href":"https:\/\/elpajaritonews.com\/index.php?rest_route=\/wp\/v2\/users\/2"}],"replies":[{"embeddable":true,"href":"https:\/\/elpajaritonews.com\/index.php?rest_route=%2Fwp%2Fv2%2Fcomments&post=65922"}],"version-history":[{"count":1,"href":"https:\/\/elpajaritonews.com\/index.php?rest_route=\/wp\/v2\/posts\/65922\/revisions"}],"predecessor-version":[{"id":65924,"href":"https:\/\/elpajaritonews.com\/index.php?rest_route=\/wp\/v2\/posts\/65922\/revisions\/65924"}],"wp:featuredmedia":[{"embeddable":true,"href":"https:\/\/elpajaritonews.com\/index.php?rest_route=\/wp\/v2\/media\/65923"}],"wp:attachment":[{"href":"https:\/\/elpajaritonews.com\/index.php?rest_route=%2Fwp%2Fv2%2Fmedia&parent=65922"}],"wp:term":[{"taxonomy":"category","embeddable":true,"href":"https:\/\/elpajaritonews.com\/index.php?rest_route=%2Fwp%2Fv2%2Fcategories&post=65922"},{"taxonomy":"post_tag","embeddable":true,"href":"https:\/\/elpajaritonews.com\/index.php?rest_route=%2Fwp%2Fv2%2Ftags&post=65922"}],"curies":[{"name":"wp","href":"https:\/\/api.w.org\/{rel}","templated":true}]}}