{"id":65935,"date":"2025-05-27T21:19:58","date_gmt":"2025-05-28T04:19:58","guid":{"rendered":"https:\/\/elpajaritonews.com\/?p=65935"},"modified":"2025-05-27T21:20:00","modified_gmt":"2025-05-28T04:20:00","slug":"primer-ministro-canadiense-invita-a-sheinbaum-a-cumbre-del-g7","status":"publish","type":"post","link":"https:\/\/elpajaritonews.com\/?p=65935","title":{"rendered":"PRIMER MINISTRO CANADIENSE INVITA A SHEINBAUM A CUMBRE DEL G7"},"content":{"rendered":"\n<p class=\"wp-block-paragraph\">El primer ministro canadiense, Mark Carney, invit\u00f3 a la presidenta mexicana, Claudia Sheinbaum, a la pr\u00f3xima cumbre del G7 que se llevar\u00e1 a cabo a mediados de junio, seg\u00fan report\u00f3 The Globe and Mail.<\/p>\n\n\n\n<p class=\"wp-block-paragraph\">A principios de este mes, Carney y Sheinbaum dialogaron sobre la continuidad de las relaciones comerciales entre Canad\u00e1 y M\u00e9xico.<\/p>\n\n\n\n<p class=\"wp-block-paragraph\">Las conversaciones bilaterales entre ambos pa\u00edses se han intensificado en el contexto de la pol\u00edtica arancelaria de Estados Unidos. Ahora en su pr\u00f3xima cita buscar\u00edan establecer negociaciones alternas sobre los aranceles.<\/p>\n\n\n\n<p class=\"wp-block-paragraph\">The Globe and Mail dijo que la invitaci\u00f3n a Sheinbaum se habr\u00eda dado ante la presi\u00f3n del presidente del Consejo Empresarial de Canad\u00e1, Goldy Hyder.<\/p>\n\n\n\n<p class=\"wp-block-paragraph\">La pr\u00f3xima reuni\u00f3n del G7 se llevar\u00e1 a cabo en Canad\u00e1 del 15 al 17 de junio.<\/p>\n\n\n\n<p class=\"wp-block-paragraph\">El presidente de Estados Unidos, Donald Trump, asistir\u00e1, seg\u00fan confirm\u00f3 la Casa Blanca.<\/p>\n","protected":false},"excerpt":{"rendered":"<p>El primer ministro canadiense, Mark Carney, invit\u00f3 a la presidenta mexicana, Claudia Sheinbaum, a la pr\u00f3xima cumbre del G7 que se llevar\u00e1 a cabo a mediados de junio, seg\u00fan report\u00f3 The Globe and Mail. A principios de este mes, Carney y Sheinbaum dialogaron sobre la continuidad de las relaciones comerciales entre Canad\u00e1 y M\u00e9xico. Las&#8230;<\/p>\n","protected":false},"author":2,"featured_media":65936,"comment_status":"closed","ping_status":"closed","sticky":false,"template":"","format":"standard","meta":{"_crdt_document":"","_exactmetrics_skip_tracking":false,"_exactmetrics_sitenote_active":false,"_exactmetrics_sitenote_note":"","_exactmetrics_sitenote_category":0,"footnotes":""},"categories":[17,36,89,23,38,24,31,1,27,69],"tags":[72],"class_list":["post-65935","post","type-post","status-publish","format-standard","has-post-thumbnail","hentry","category-arizona","category-economia","category-estados-unidos","category-mexico","category-migracion","category-mundo","category-politica","category-seguridad","category-sonora","category-ultimas-noticias","tag-claudia-sheinbaum"],"_links":{"self":[{"href":"https:\/\/elpajaritonews.com\/index.php?rest_route=\/wp\/v2\/posts\/65935","targetHints":{"allow":["GET"]}}],"collection":[{"href":"https:\/\/elpajaritonews.com\/index.php?rest_route=\/wp\/v2\/posts"}],"about":[{"href":"https:\/\/elpajaritonews.com\/index.php?rest_route=\/wp\/v2\/types\/post"}],"author":[{"embeddable":true,"href":"https:\/\/elpajaritonews.com\/index.php?rest_route=\/wp\/v2\/users\/2"}],"replies":[{"embeddable":true,"href":"https:\/\/elpajaritonews.com\/index.php?rest_route=%2Fwp%2Fv2%2Fcomments&post=65935"}],"version-history":[{"count":1,"href":"https:\/\/elpajaritonews.com\/index.php?rest_route=\/wp\/v2\/posts\/65935\/revisions"}],"predecessor-version":[{"id":65937,"href":"https:\/\/elpajaritonews.com\/index.php?rest_route=\/wp\/v2\/posts\/65935\/revisions\/65937"}],"wp:featuredmedia":[{"embeddable":true,"href":"https:\/\/elpajaritonews.com\/index.php?rest_route=\/wp\/v2\/media\/65936"}],"wp:attachment":[{"href":"https:\/\/elpajaritonews.com\/index.php?rest_route=%2Fwp%2Fv2%2Fmedia&parent=65935"}],"wp:term":[{"taxonomy":"category","embeddable":true,"href":"https:\/\/elpajaritonews.com\/index.php?rest_route=%2Fwp%2Fv2%2Fcategories&post=65935"},{"taxonomy":"post_tag","embeddable":true,"href":"https:\/\/elpajaritonews.com\/index.php?rest_route=%2Fwp%2Fv2%2Ftags&post=65935"}],"curies":[{"name":"wp","href":"https:\/\/api.w.org\/{rel}","templated":true}]}}