{"id":65941,"date":"2025-05-27T22:16:19","date_gmt":"2025-05-28T05:16:19","guid":{"rendered":"https:\/\/elpajaritonews.com\/?p=65941"},"modified":"2025-05-27T22:16:22","modified_gmt":"2025-05-28T05:16:22","slug":"aprueba-congreso-de-sonora-actas-da-tramite-a-correspondencia-y-presenta-posicionamiento-sobre-proceso-electoral","status":"publish","type":"post","link":"https:\/\/elpajaritonews.com\/?p=65941","title":{"rendered":"APRUEBA CONGRESO DE SONORA ACTAS, DA TR\u00c1MITE A CORRESPONDENCIA Y PRESENTA POSICIONAMIENTO SOBRE PROCESO ELECTORAL"},"content":{"rendered":"\n<p class=\"wp-block-paragraph\">La Mesa Directiva de la Diputaci\u00f3n Permanente del Congreso del Estado de Sonora aprob\u00f3 las actas de las sesiones celebradas los d\u00edas 13, 18, 20, 25 y 27 de marzo, as\u00ed como las correspondientes a los d\u00edas 8 y 9 de abril del presente a\u00f1o. Adem\u00e1s, dio tr\u00e1mite a la correspondencia recibida y se present\u00f3 un posicionamiento en torno al proceso electoral del pr\u00f3ximo 1 de junio.<\/p>\n\n\n\n<figure class=\"wp-block-embed is-type-video is-provider-youtube wp-block-embed-youtube wp-embed-aspect-4-3 wp-has-aspect-ratio\"><div class=\"wp-block-embed__wrapper\">\n<iframe loading=\"lazy\" title=\"27 de Mayo - Sesi\u00f3n de la Diputaci\u00f3n Permanente\" width=\"640\" height=\"480\" src=\"https:\/\/www.youtube.com\/embed\/qR4li3QKFIw?feature=oembed\" frameborder=\"0\" allow=\"accelerometer; autoplay; clipboard-write; encrypted-media; gyroscope; picture-in-picture; web-share\" referrerpolicy=\"strict-origin-when-cross-origin\" allowfullscreen><\/iframe>\n<\/div><\/figure>\n\n\n\n<p class=\"wp-block-paragraph\">Durante la sesi\u00f3n, los trabajos de la Mesa Directiva fueron encabezados por la diputada Ros\u00e1ngela Amairany Pe\u00f1a Escalante (PES), quien estuvo acompa\u00f1ada por la diputada Mar\u00eda Eduwiges Espinoza Tapia (Morena) y el diputado Rub\u00e9n Refugio Gonz\u00e1lez Aguayo (PT).<\/p>\n\n\n\n<p class=\"wp-block-paragraph\">Luego de dar tr\u00e1mite a la correspondencia recibida del 20 al 23 de mayo del a\u00f1o en curso, la diputada Pe\u00f1a Escalante present\u00f3 un posicionamiento en el que destac\u00f3 la importancia de la participaci\u00f3n ciudadana en el proceso electoral del pr\u00f3ximo domingo 1 de junio. Subray\u00f3 que este ejercicio fortalece el voto libre, informado y seguro, en apego a los principios democr\u00e1ticos, al Estado de derecho y al compromiso con una justicia que represente aut\u00e9nticamente los valores de la ciudadan\u00eda sonorense.<\/p>\n\n\n\n<p class=\"wp-block-paragraph\">La convocatoria para la pr\u00f3xima reuni\u00f3n ser\u00e1 publicada en la Gaceta Parlamentaria.<\/p>\n","protected":false},"excerpt":{"rendered":"<p>La Mesa Directiva de la Diputaci\u00f3n Permanente del Congreso del Estado de Sonora aprob\u00f3 las actas de las sesiones celebradas los d\u00edas 13, 18, 20, 25 y 27 de marzo, as\u00ed como las correspondientes a los d\u00edas 8 y 9 de abril del presente a\u00f1o. Adem\u00e1s, dio tr\u00e1mite a la correspondencia recibida y se present\u00f3&#8230;<\/p>\n","protected":false},"author":2,"featured_media":65942,"comment_status":"closed","ping_status":"closed","sticky":false,"template":"","format":"standard","meta":{"_crdt_document":"","_exactmetrics_skip_tracking":false,"_exactmetrics_sitenote_active":false,"_exactmetrics_sitenote_note":"","_exactmetrics_sitenote_category":0,"footnotes":""},"categories":[20,26,31,27,69],"tags":[73],"class_list":["post-65941","post","type-post","status-publish","format-standard","has-post-thumbnail","hentry","category-congreso","category-local","category-politica","category-sonora","category-ultimas-noticias","tag-congreso-del-estado-de-sonora"],"_links":{"self":[{"href":"https:\/\/elpajaritonews.com\/index.php?rest_route=\/wp\/v2\/posts\/65941","targetHints":{"allow":["GET"]}}],"collection":[{"href":"https:\/\/elpajaritonews.com\/index.php?rest_route=\/wp\/v2\/posts"}],"about":[{"href":"https:\/\/elpajaritonews.com\/index.php?rest_route=\/wp\/v2\/types\/post"}],"author":[{"embeddable":true,"href":"https:\/\/elpajaritonews.com\/index.php?rest_route=\/wp\/v2\/users\/2"}],"replies":[{"embeddable":true,"href":"https:\/\/elpajaritonews.com\/index.php?rest_route=%2Fwp%2Fv2%2Fcomments&post=65941"}],"version-history":[{"count":1,"href":"https:\/\/elpajaritonews.com\/index.php?rest_route=\/wp\/v2\/posts\/65941\/revisions"}],"predecessor-version":[{"id":65943,"href":"https:\/\/elpajaritonews.com\/index.php?rest_route=\/wp\/v2\/posts\/65941\/revisions\/65943"}],"wp:featuredmedia":[{"embeddable":true,"href":"https:\/\/elpajaritonews.com\/index.php?rest_route=\/wp\/v2\/media\/65942"}],"wp:attachment":[{"href":"https:\/\/elpajaritonews.com\/index.php?rest_route=%2Fwp%2Fv2%2Fmedia&parent=65941"}],"wp:term":[{"taxonomy":"category","embeddable":true,"href":"https:\/\/elpajaritonews.com\/index.php?rest_route=%2Fwp%2Fv2%2Fcategories&post=65941"},{"taxonomy":"post_tag","embeddable":true,"href":"https:\/\/elpajaritonews.com\/index.php?rest_route=%2Fwp%2Fv2%2Ftags&post=65941"}],"curies":[{"name":"wp","href":"https:\/\/api.w.org\/{rel}","templated":true}]}}