{"id":65956,"date":"2025-05-28T15:52:29","date_gmt":"2025-05-28T22:52:29","guid":{"rendered":"https:\/\/elpajaritonews.com\/?p=65956"},"modified":"2025-05-28T15:52:31","modified_gmt":"2025-05-28T22:52:31","slug":"invita-gobierno-de-sonora-a-disfrutar-de-los-eventos-del-estado-en-junio","status":"publish","type":"post","link":"https:\/\/elpajaritonews.com\/?p=65956","title":{"rendered":"INVITA GOBIERNO DE SONORA A DISFRUTAR DE LOS EVENTOS DEL ESTADO EN JUNIO"},"content":{"rendered":"\n<p class=\"wp-block-paragraph\">El Gobierno de Sonora, a trav\u00e9s de la Secretar\u00eda de Econom\u00eda y Turismo (Setur), present\u00f3 la agenda de eventos que se desarrollar\u00e1n durante el mes de junio en diversos municipios del estado, con el objetivo de fortalecer la convivencia comunitaria, promover las tradiciones sonorenses y dinamizar la econom\u00eda local.<\/p>\n\n\n\n<p class=\"wp-block-paragraph\">La dependencia estatal hizo una atenta invitaci\u00f3n a la ciudadan\u00eda sonorense a disfrutar en familia de las diferentes actividades que van desde lo deportivo hasta lo cultural, que los ayuntamientos y organizadores ofrecen en estos pr\u00f3ximos d\u00edas.<\/p>\n\n\n\n<p class=\"wp-block-paragraph\">El secretario de Econom\u00eda y Turismo de Sonora, Roberto Gradillas Pineda, coment\u00f3 que mes con mes esta se convierte en una gran oportunidad para promover las experiencias y el crecimiento del turismo, que hoy en d\u00eda es un motor econ\u00f3mico de grandes beneficios para las familias de nuestro estado.<\/p>\n\n\n\n<p class=\"wp-block-paragraph\">\u201cCon el respaldo del gobernador Alfonso Durazo, en Sonora estamos fortaleciendo nuestras ra\u00edces, promoviendo el orgullo por lo que somos y generando oportunidades de desarrollo para nuestras comunidades. Estos eventos no solo enriquecen nuestra cultura, tambi\u00e9n activan la econom\u00eda local y posicionan a Sonora como un destino diverso, aut\u00e9ntico y con gran potencial tur\u00edstico\u201d, expres\u00f3.<\/p>\n\n\n\n<p class=\"wp-block-paragraph\">La realizaci\u00f3n de estos eventos patronales, culturales y deportivos contribuye al fortalecimiento de la actividad tur\u00edstica, la generaci\u00f3n de empleo y la atracci\u00f3n de visitantes nacionales e internacionales, en beneficio de todas y todos los sonorenses.<\/p>\n\n\n\n<p class=\"wp-block-paragraph\">A continuaci\u00f3n, algunos de los eventos programados para junio. La porgramaci\u00f3n completa puede consultarse en visitsonora.mx:<\/p>\n\n\n\n<figure class=\"wp-block-video\"><video height=\"576\" style=\"aspect-ratio: 1024 \/ 576;\" width=\"1024\" controls src=\"https:\/\/elpajaritonews.com\/wp-content\/uploads\/2025\/05\/Cartelera-JUNIO-2025.mp4\"><\/video><\/figure>\n\n\n\n<p class=\"wp-block-paragraph\">\u2022 Agua Prieta: Bachicui Festival de las Artes 2025, del 5 al 8 de junio.<\/p>\n\n\n\n<p class=\"wp-block-paragraph\">\u2022 Oquitoa: Fiestas Patronales de San Antonio de Padua, del 13 al 15 de junio.<\/p>\n\n\n\n<p class=\"wp-block-paragraph\">\u2022 Arizpe: Fiestas Patronales, el 24 de junio.<\/p>\n\n\n\n<p class=\"wp-block-paragraph\">\u2022 San Pedro de la Cueva: Fiestas Patronales, del 24 al 29 de junio.<\/p>\n\n\n\n<p class=\"wp-block-paragraph\">\u2022 Tubutama: Fiestas Patronales de San Pedro y San Pablo, el 28 y 29 de junio.<\/p>\n\n\n\n<p class=\"wp-block-paragraph\">\u2022 Cananea: Feria del Cobre, 84va edici\u00f3n, del 6 al 15 de junio.<\/p>\n\n\n\n<p class=\"wp-block-paragraph\">\u2022 Navojoa: Copa Navojoa de B\u00e1squetbol y Feria MayoMusic 2025, del 6 al 15 de junio.<\/p>\n\n\n\n<p class=\"wp-block-paragraph\">\u2022 Huatabampo: Proyecto X Huatabampito Girls, el 20 y 21 de junio.<\/p>\n\n\n\n<p class=\"wp-block-paragraph\">\u2022 San Carlos: Dorado Derby, el 13 y 14 de junio, y Cruce de Bah\u00eda Algodones 2025, el 22 de junio.<\/p>\n\n\n\n<p class=\"wp-block-paragraph\">\u2022 Puerto Pe\u00f1asco: El Cheve Fest del Tapeo, el 21 de junio, y Circus Mexicus de Roger Clyne &amp; The Peacemakers, del 5 al 9 de junio.<\/p>\n\n\n\n<p class=\"wp-block-paragraph\">\u2022 Hermosillo: 2do Torneo Nacional de P\u00e1del 2025, del 26 al 29 de junio, y Pedaleada D\u00eda Mundial de la Bicicleta, el 3 de junio.<\/p>\n\n\n\n<p class=\"wp-block-paragraph\">\u2022 Ciudad Obreg\u00f3n: La Novicia Rebelde (obra de teatro), del 7 al 15 de junio; El Derecho a la Libertad de Expresi\u00f3n (conferencia), el 6 de junio; Congreso Nacional ITSON, del 4 al 6 de junio; Fiesta de la Laguna, el 15 de junio; y Conservatorio D\u00eda de la Gastronom\u00eda Sostenible, el 18 de junio.<\/p>\n","protected":false},"excerpt":{"rendered":"<p>El Gobierno de Sonora, a trav\u00e9s de la Secretar\u00eda de Econom\u00eda y Turismo (Setur), present\u00f3 la agenda de eventos que se desarrollar\u00e1n durante el mes de junio en diversos municipios del estado, con el objetivo de fortalecer la convivencia comunitaria, promover las tradiciones sonorenses y dinamizar la econom\u00eda local. La dependencia estatal hizo una atenta&#8230;<\/p>\n","protected":false},"author":2,"featured_media":65957,"comment_status":"closed","ping_status":"closed","sticky":false,"template":"","format":"standard","meta":{"_crdt_document":"","_exactmetrics_skip_tracking":false,"_exactmetrics_sitenote_active":false,"_exactmetrics_sitenote_note":"","_exactmetrics_sitenote_category":0,"footnotes":""},"categories":[36,22,26,31,1,27,84,69],"tags":[],"class_list":["post-65956","post","type-post","status-publish","format-standard","has-post-thumbnail","hentry","category-economia","category-escena","category-local","category-politica","category-seguridad","category-sonora","category-turismo","category-ultimas-noticias"],"_links":{"self":[{"href":"https:\/\/elpajaritonews.com\/index.php?rest_route=\/wp\/v2\/posts\/65956","targetHints":{"allow":["GET"]}}],"collection":[{"href":"https:\/\/elpajaritonews.com\/index.php?rest_route=\/wp\/v2\/posts"}],"about":[{"href":"https:\/\/elpajaritonews.com\/index.php?rest_route=\/wp\/v2\/types\/post"}],"author":[{"embeddable":true,"href":"https:\/\/elpajaritonews.com\/index.php?rest_route=\/wp\/v2\/users\/2"}],"replies":[{"embeddable":true,"href":"https:\/\/elpajaritonews.com\/index.php?rest_route=%2Fwp%2Fv2%2Fcomments&post=65956"}],"version-history":[{"count":1,"href":"https:\/\/elpajaritonews.com\/index.php?rest_route=\/wp\/v2\/posts\/65956\/revisions"}],"predecessor-version":[{"id":65959,"href":"https:\/\/elpajaritonews.com\/index.php?rest_route=\/wp\/v2\/posts\/65956\/revisions\/65959"}],"wp:featuredmedia":[{"embeddable":true,"href":"https:\/\/elpajaritonews.com\/index.php?rest_route=\/wp\/v2\/media\/65957"}],"wp:attachment":[{"href":"https:\/\/elpajaritonews.com\/index.php?rest_route=%2Fwp%2Fv2%2Fmedia&parent=65956"}],"wp:term":[{"taxonomy":"category","embeddable":true,"href":"https:\/\/elpajaritonews.com\/index.php?rest_route=%2Fwp%2Fv2%2Fcategories&post=65956"},{"taxonomy":"post_tag","embeddable":true,"href":"https:\/\/elpajaritonews.com\/index.php?rest_route=%2Fwp%2Fv2%2Ftags&post=65956"}],"curies":[{"name":"wp","href":"https:\/\/api.w.org\/{rel}","templated":true}]}}