{"id":65978,"date":"2025-05-29T17:24:42","date_gmt":"2025-05-30T00:24:42","guid":{"rendered":"https:\/\/elpajaritonews.com\/?p=65978"},"modified":"2025-05-29T17:24:44","modified_gmt":"2025-05-30T00:24:44","slug":"confirman-que-cuerpos-hallados-son-de-miembros-del-grupo-fugitivo","status":"publish","type":"post","link":"https:\/\/elpajaritonews.com\/?p=65978","title":{"rendered":"CONFIRMAN QUE CUERPOS HALLADOS SON DE MIEMBROS DEL &#8216;GRUPO FUGITIVO&#8217;"},"content":{"rendered":"\n<p class=\"wp-block-paragraph\">Las autoridades estatales confirmaron que los cinco integrantes del grupo musical Fugitivo fueron privados de su libertad la noche del 26 de mayo cuando se dirig\u00edan a un evento en la colonia Riberas del R\u00edo y posteriormente asesinados.<\/p>\n\n\n\n<p class=\"wp-block-paragraph\">En conferencia de prensa, el fiscal Irving Barrios Mojica y el secretario general de Gobierno, H\u00e9ctor Joel Villegas, se\u00f1alaron que las investigaciones permitieron establecer que las v\u00edctimas fueron llevadas a un predio en la colonia Aquiles Serd\u00e1n, donde se presume que fueron privadas de la vida.<\/p>\n\n\n\n<p class=\"wp-block-paragraph\">El sitio contin\u00faa siendo procesado para recabar evidencias que esclarezcan el m\u00f3vil del crimen.<\/p>\n\n\n\n<p class=\"wp-block-paragraph\">Durante el operativo fueron detenidos nueve presuntos responsables, todos vinculados a una c\u00e9lula delictiva con operaci\u00f3n en Reynosa. Tambi\u00e9n se aseguraron nueve armas de fuego y dos veh\u00edculos relacionados con el caso.<\/p>\n\n\n\n<p class=\"wp-block-paragraph\">Las autoridades indicaron que el trabajo contin\u00faa para reforzar la l\u00ednea de investigaci\u00f3n y confirmar plenamente la identidad de los cuerpos hallados.<\/p>\n\n\n\n<p class=\"wp-block-paragraph\">Con informaci\u00f3n de El Ma\u00f1ana de Reynosa<\/p>\n","protected":false},"excerpt":{"rendered":"<p>Las autoridades estatales confirmaron que los cinco integrantes del grupo musical Fugitivo fueron privados de su libertad la noche del 26 de mayo cuando se dirig\u00edan a un evento en la colonia Riberas del R\u00edo y posteriormente asesinados. En conferencia de prensa, el fiscal Irving Barrios Mojica y el secretario general de Gobierno, H\u00e9ctor Joel&#8230;<\/p>\n","protected":false},"author":2,"featured_media":65979,"comment_status":"closed","ping_status":"closed","sticky":false,"template":"","format":"standard","meta":{"_crdt_document":"","_exactmetrics_skip_tracking":false,"_exactmetrics_sitenote_active":false,"_exactmetrics_sitenote_note":"","_exactmetrics_sitenote_category":0,"footnotes":""},"categories":[22,23,1,27,69],"tags":[75],"class_list":["post-65978","post","type-post","status-publish","format-standard","has-post-thumbnail","hentry","category-escena","category-mexico","category-seguridad","category-sonora","category-ultimas-noticias","tag-seguridad-publica"],"_links":{"self":[{"href":"https:\/\/elpajaritonews.com\/index.php?rest_route=\/wp\/v2\/posts\/65978","targetHints":{"allow":["GET"]}}],"collection":[{"href":"https:\/\/elpajaritonews.com\/index.php?rest_route=\/wp\/v2\/posts"}],"about":[{"href":"https:\/\/elpajaritonews.com\/index.php?rest_route=\/wp\/v2\/types\/post"}],"author":[{"embeddable":true,"href":"https:\/\/elpajaritonews.com\/index.php?rest_route=\/wp\/v2\/users\/2"}],"replies":[{"embeddable":true,"href":"https:\/\/elpajaritonews.com\/index.php?rest_route=%2Fwp%2Fv2%2Fcomments&post=65978"}],"version-history":[{"count":1,"href":"https:\/\/elpajaritonews.com\/index.php?rest_route=\/wp\/v2\/posts\/65978\/revisions"}],"predecessor-version":[{"id":65980,"href":"https:\/\/elpajaritonews.com\/index.php?rest_route=\/wp\/v2\/posts\/65978\/revisions\/65980"}],"wp:featuredmedia":[{"embeddable":true,"href":"https:\/\/elpajaritonews.com\/index.php?rest_route=\/wp\/v2\/media\/65979"}],"wp:attachment":[{"href":"https:\/\/elpajaritonews.com\/index.php?rest_route=%2Fwp%2Fv2%2Fmedia&parent=65978"}],"wp:term":[{"taxonomy":"category","embeddable":true,"href":"https:\/\/elpajaritonews.com\/index.php?rest_route=%2Fwp%2Fv2%2Fcategories&post=65978"},{"taxonomy":"post_tag","embeddable":true,"href":"https:\/\/elpajaritonews.com\/index.php?rest_route=%2Fwp%2Fv2%2Ftags&post=65978"}],"curies":[{"name":"wp","href":"https:\/\/api.w.org\/{rel}","templated":true}]}}