{"id":66012,"date":"2025-06-01T10:56:02","date_gmt":"2025-06-01T17:56:02","guid":{"rendered":"https:\/\/elpajaritonews.com\/?p=66012"},"modified":"2025-06-01T10:56:05","modified_gmt":"2025-06-01T17:56:05","slug":"inicia-jornada-electoral-en-sonora-con-la-instalacion-de-la-sesion-permanente-de-consejo-general","status":"publish","type":"post","link":"https:\/\/elpajaritonews.com\/?p=66012","title":{"rendered":"INICIA JORNADA ELECTORAL EN SONORA CON LA INSTALACI\u00d3N DE LA SESI\u00d3N PERMANENTE DE CONSEJO GENERAL"},"content":{"rendered":"\n<p class=\"wp-block-paragraph\">Con la instalaci\u00f3n de la sesi\u00f3n permanente del Consejo General del Instituto Estatal Electoral y de Participaci\u00f3n Ciudadana de Sonora (IEE Sonora), dio inicio oficialmente la jornada extraordinaria en la que la ciudadan\u00eda elegir\u00e1, por primera vez en la historia del pa\u00eds, a las personas que integrar\u00e1n el Poder Judicial del Estado de Sonora.<\/p>\n\n\n\n<figure class=\"wp-block-embed is-type-video is-provider-youtube wp-block-embed-youtube wp-embed-aspect-16-9 wp-has-aspect-ratio\"><div class=\"wp-block-embed__wrapper\">\n<iframe loading=\"lazy\" title=\"Sesi\u00f3n Permanente de Consejo General - Jornada Electoral 2025\" width=\"640\" height=\"360\" src=\"https:\/\/www.youtube.com\/embed\/-fR_-vbt3j8?feature=oembed\" frameborder=\"0\" allow=\"accelerometer; autoplay; clipboard-write; encrypted-media; gyroscope; picture-in-picture; web-share\" referrerpolicy=\"strict-origin-when-cross-origin\" allowfullscreen><\/iframe>\n<\/div><\/figure>\n\n\n\n<p class=\"wp-block-paragraph\">Durante la sesi\u00f3n, las consejeras y los consejeros electorales hicieron uso de la voz para reflexionar sobre la relevancia de este ejercicio in\u00e9dito, as\u00ed como para agradecer el esfuerzo de todas las personas e instituciones involucradas en su organizaci\u00f3n.<\/p>\n\n\n\n<p class=\"wp-block-paragraph\">La consejera Alma Lorena Alonso Valdivia, enfatiz\u00f3 que el IEE Sonora tiene la responsabilidad de garantizar que la ciudadan\u00eda vote en libertad, sin presiones, ni simulaciones, y conden\u00f3 firmemente cualquier intento de coacci\u00f3n del sufragio. Destac\u00f3 el papel de la ciudadan\u00eda como base de este proceso electoral y reconoci\u00f3 ampliamente a todas las personas que han hecho posible esta jornada in\u00e9dita, desde consejer\u00edas municipales hasta medios de comunicaci\u00f3n.<\/p>\n\n\n\n<p class=\"wp-block-paragraph\">Por su parte, la consejera Flor Terecita Barcel\u00f3 Noriega, se\u00f1al\u00f3 que&nbsp; este proceso electoral es una oportunidad hist\u00f3rica para ejercer el derecho al voto con libertad, responsabilidad y resalt\u00f3: \u201cCon la fuerza del voto ciudadano, hoy comienza una nueva historia para Sonora, renovamos nuestra democracia con una participaci\u00f3n libre, consciente e informada. Invito a toda la ciudadan\u00eda a ejercer su derecho al voto&nbsp; con libertad, responsabilidad y orgullo, recordemos que es un derecho&nbsp; universal, libre, secreto, directo, personal e intransferible\u201d.<\/p>\n\n\n\n<p class=\"wp-block-paragraph\">La consejera Linda Viridiana Calder\u00f3n Monta\u00f1o, hizo un recuento de todas las actividades que el IEE Sonora desempe\u00f1\u00f3 a lo largo del desarrollo del Proceso Electoral Extraordinario del Poder Judicial Local 2025 (PEEPJL), mismo que ha avanzado con firmeza gracias al compromiso de todas las personas que lo integran, asegur\u00f3 que el IEE Sonora ha sido y seguir\u00e1 siendo garante de la legalidad y la transparencia, adem\u00e1s, hizo un llamado a todas y todos los sonorenses a participar: \u201cLa participaci\u00f3n de todas las voces es vital para fortalecer al Poder Judicial y construir una democracia m\u00e1s cercana y representativa\u201d.<\/p>\n\n\n\n<p class=\"wp-block-paragraph\">Por su parte, el consejero Benjam\u00edn Hern\u00e1ndez Avalos,&nbsp; destac\u00f3 que este proceso ha abierto espacios reales de di\u00e1logo con distintos sectores sociales, especialmente con las juventudes, quienes \u2014dijo\u2014 \u201cnos han cuestionado y propuesto\u201d. Subray\u00f3 que este acercamiento no ha sido aislado, sino acompa\u00f1ado de una sociedad civil participativa que ha resaltado la importancia de las nuevas generaciones en la vida p\u00fablica. \u201cConfiamos en que nuestro trabajo conjunto se reflejar\u00e1 en las urnas, porque votar es construir\u201d, afirm\u00f3.&nbsp;<\/p>\n\n\n\n<p class=\"wp-block-paragraph\">Durante su intervenci\u00f3n, el consejero Wilfredo Rom\u00e1n Morales Silva hizo un reconocimiento al esfuerzo colectivo que ha hecho posible esta jornada electoral, destacando que \u201chemos llegado a este d\u00eda democr\u00e1tico y decisivo gracias al trabajo conjunto del Instituto y de la ciudadan\u00eda\u201d. Subray\u00f3 que cada etapa del proceso ha sido respaldada por personas ciudadanas comprometidas, desde la integraci\u00f3n de consejos hasta la entrega y resguardo de boletas. \u201cHoy toca a la ciudadan\u00eda salir a votar y elegir a las personas juzgadoras; necesitamos de todas y todos\u201d, afirm\u00f3.&nbsp;<\/p>\n\n\n\n<p class=\"wp-block-paragraph\">El consejero Jaime Olea Miranda enfatiz\u00f3 que esta elecci\u00f3n representa \u201cun ejercicio in\u00e9dito de participaci\u00f3n ciudadana en la construcci\u00f3n de un Poder Judicial m\u00e1s independiente, m\u00e1s cercano y m\u00e1s leg\u00edtimo\u201d. Hizo un llamado directo a la ciudadan\u00eda: \u201cSu voto s\u00ed cuenta. Participar es ejercer la libertad, es contribuir a una justicia m\u00e1s representativa y m\u00e1s cercana a la sociedad\u201d.<\/p>\n\n\n\n<p class=\"wp-block-paragraph\">Finalmente, el consejero presidente Nery Ruiz Arvizu se\u00f1al\u00f3 que este 1 de junio representa un d\u00eda verdaderamente hist\u00f3rico para Sonora, no solo por la naturaleza in\u00e9dita de la elecci\u00f3n, sino por el reto institucional que ha implicado organizarla. \u201cEste proceso nos llev\u00f3 por caminos que no conoc\u00edamos; iniciamos el 1 de enero y en apenas 150 d\u00edas logramos levantar una elecci\u00f3n de gran magnitud con la participaci\u00f3n de m\u00e1s de 18 mil personas ciudadanas\u201d. Dijo que detr\u00e1s de cada boleta y cada casilla hay un esfuerzo log\u00edstico y humano inmenso, y que gracias a la capacidad del IEE Sonora, hoy se puede decir con certeza que el Instituto est\u00e1 preparado y listo. \u201cEstamos monitoreando en tiempo real la instalaci\u00f3n de las casillas, y las condiciones est\u00e1n dadas para que la ciudadan\u00eda ejerza su voto con libertad. Estoy convencido de que ser\u00e1 una jornada exitosa, porque la ciudadan\u00eda har\u00e1 historia\u201d, concluy\u00f3.<\/p>\n\n\n\n<p class=\"wp-block-paragraph\">El IEE Sonora invita a toda la ciudadan\u00eda a ejercer su voto con libertad, conciencia y responsabilidad. Las casillas est\u00e1n abiertas en los 72 municipios del estado para elegir a magistraturas, juezas y jueces que integrar\u00e1n el Poder Judicial local.<\/p>\n","protected":false},"excerpt":{"rendered":"<p>Con la instalaci\u00f3n de la sesi\u00f3n permanente del Consejo General del Instituto Estatal Electoral y de Participaci\u00f3n Ciudadana de Sonora (IEE Sonora), dio inicio oficialmente la jornada extraordinaria en la que la ciudadan\u00eda elegir\u00e1, por primera vez en la historia del pa\u00eds, a las personas que integrar\u00e1n el Poder Judicial del Estado de Sonora. Durante&#8230;<\/p>\n","protected":false},"author":2,"featured_media":66013,"comment_status":"closed","ping_status":"closed","sticky":false,"template":"","format":"standard","meta":{"_crdt_document":"","_exactmetrics_skip_tracking":false,"_exactmetrics_sitenote_active":false,"_exactmetrics_sitenote_note":"","_exactmetrics_sitenote_category":0,"footnotes":""},"categories":[26,82,31,1,27,69],"tags":[71,72,74,28,75],"class_list":["post-66012","post","type-post","status-publish","format-standard","has-post-thumbnail","hentry","category-local","category-poder-judicial","category-politica","category-seguridad","category-sonora","category-ultimas-noticias","tag-alfonso-durazo","tag-claudia-sheinbaum","tag-hermosillo","tag-nogales","tag-seguridad-publica"],"_links":{"self":[{"href":"https:\/\/elpajaritonews.com\/index.php?rest_route=\/wp\/v2\/posts\/66012","targetHints":{"allow":["GET"]}}],"collection":[{"href":"https:\/\/elpajaritonews.com\/index.php?rest_route=\/wp\/v2\/posts"}],"about":[{"href":"https:\/\/elpajaritonews.com\/index.php?rest_route=\/wp\/v2\/types\/post"}],"author":[{"embeddable":true,"href":"https:\/\/elpajaritonews.com\/index.php?rest_route=\/wp\/v2\/users\/2"}],"replies":[{"embeddable":true,"href":"https:\/\/elpajaritonews.com\/index.php?rest_route=%2Fwp%2Fv2%2Fcomments&post=66012"}],"version-history":[{"count":1,"href":"https:\/\/elpajaritonews.com\/index.php?rest_route=\/wp\/v2\/posts\/66012\/revisions"}],"predecessor-version":[{"id":66014,"href":"https:\/\/elpajaritonews.com\/index.php?rest_route=\/wp\/v2\/posts\/66012\/revisions\/66014"}],"wp:featuredmedia":[{"embeddable":true,"href":"https:\/\/elpajaritonews.com\/index.php?rest_route=\/wp\/v2\/media\/66013"}],"wp:attachment":[{"href":"https:\/\/elpajaritonews.com\/index.php?rest_route=%2Fwp%2Fv2%2Fmedia&parent=66012"}],"wp:term":[{"taxonomy":"category","embeddable":true,"href":"https:\/\/elpajaritonews.com\/index.php?rest_route=%2Fwp%2Fv2%2Fcategories&post=66012"},{"taxonomy":"post_tag","embeddable":true,"href":"https:\/\/elpajaritonews.com\/index.php?rest_route=%2Fwp%2Fv2%2Ftags&post=66012"}],"curies":[{"name":"wp","href":"https:\/\/api.w.org\/{rel}","templated":true}]}}