{"id":66038,"date":"2025-06-01T23:49:17","date_gmt":"2025-06-02T06:49:17","guid":{"rendered":"https:\/\/elpajaritonews.com\/?p=66038"},"modified":"2025-06-01T23:49:21","modified_gmt":"2025-06-02T06:49:21","slug":"sheinbaum-respalda-eleccion-judicial-destaca-participacion-de-cerca-de-13-millones-de-mexicanos","status":"publish","type":"post","link":"https:\/\/elpajaritonews.com\/?p=66038","title":{"rendered":"SHEINBAUM RESPALDA ELECCI\u00d3N JUDICIAL; DESTACA PARTICIPACI\u00d3N DE CERCA DE 13 MILLONES DE MEXICANOS"},"content":{"rendered":"\n<p class=\"wp-block-paragraph\">La presidenta de M\u00e9xico asegur\u00f3 que ahora \u00abel poder est\u00e1 en el pueblo y no en las manos de unos cuantos\u00bb<\/p>\n\n\n\n<figure class=\"wp-block-embed is-type-video is-provider-youtube wp-block-embed-youtube wp-embed-aspect-16-9 wp-has-aspect-ratio\"><div class=\"wp-block-embed__wrapper\">\n<iframe loading=\"lazy\" title=\"Mensaje de la presidenta Claudia Sheinbaum en la primera elecci\u00f3n del Poder Judicial\" width=\"640\" height=\"360\" src=\"https:\/\/www.youtube.com\/embed\/RZKemw0zXpM?feature=oembed\" frameborder=\"0\" allow=\"accelerometer; autoplay; clipboard-write; encrypted-media; gyroscope; picture-in-picture; web-share\" referrerpolicy=\"strict-origin-when-cross-origin\" allowfullscreen><\/iframe>\n<\/div><\/figure>\n\n\n\n<p class=\"wp-block-paragraph\">La presidenta Claudia Sheinbaum Pardo asegur\u00f3 que las elecciones al Poder Judicial han sido \u00abtodo un \u00e9xito\u00bb ya que cerca de 13 millones de mexicanas y mexicanos salieron a ejercer por primera vez en la historia, su derecho a decidir qui\u00e9nes deben ser las y los nuevos ministros, magistrados y jueces.<\/p>\n\n\n\n<p class=\"wp-block-paragraph\">\u00abM\u00e9xico es el pa\u00eds m\u00e1s democr\u00e1tico del mundo\u00bb, destac\u00f3.<\/p>\n\n\n\n<p class=\"wp-block-paragraph\">Minutos antes, la consejera presidenta del INE, Guadalupe Taddei, inform\u00f3 que se estima una participaci\u00f3n ciudadana entre el 12.57% al 13.32% para la elecci\u00f3n judicial.<\/p>\n\n\n\n<p class=\"wp-block-paragraph\">En un video en redes sociales, la presidenta Claudia Sheinbaum resalt\u00f3 que este domingo libremente millones de mexicanas y mexicanos votaron las y los nuevos guardianes de la justicia.<\/p>\n\n\n\n<p class=\"wp-block-paragraph\">\u00abEl d\u00eda de hoy fue un proceso transparente, las y los candidatos fueron seleccionados por comisiones profesionales del Poder Ejecutivo, Legislativo y Judicial. Las campa\u00f1as fueron austeras y la votaci\u00f3n libre con el nuevo poder judicial, se har\u00e1 realidad el anhelo juarista y al margen de la ley, nada por encima de la ley, nadie, es decir, un verdadero Estado de Derecho donde nadie ni siquiera los m\u00e1s poderosos est\u00e9n por encima de la ley\u00bb.<\/p>\n\n\n\n<p class=\"wp-block-paragraph\">Agreg\u00f3: \u00abM\u00e9xico es el pa\u00eds m\u00e1s democr\u00e1tico del mundo a todas y todos los mexicanos les digo tengamos confianza, vivimos un momento extraordinario, somos un pa\u00eds libre, soberano, independiente, cada d\u00eda m\u00e1s justo y m\u00e1s democr\u00e1tico\u00bb.<\/p>\n\n\n\n<p class=\"wp-block-paragraph\">En ese sentido, la presidenta Claudia Sheinbaum coment\u00f3 que no se debe olvidar que el actual Poder Judicial que algunos defiende ha sido responsable de favorecer a miembros de la delincuencia organizada, y liberado, miles de millones de pesos de la delincuencia de cuello blanco.<\/p>\n\n\n\n<p class=\"wp-block-paragraph\">\u00abLa mitad del poder judicial, dicho por su propia Presidenta lleg\u00f3 a sus puestos por nepotismo, es decir, por ser hermanos, primos, sobrinos, cu\u00f1ados de alg\u00fan magistrado, ministro, no por haber participado en una carrera judicial\u00bb.<\/p>\n","protected":false},"excerpt":{"rendered":"<p>La presidenta de M\u00e9xico asegur\u00f3 que ahora \u00abel poder est\u00e1 en el pueblo y no en las manos de unos cuantos\u00bb La presidenta Claudia Sheinbaum Pardo asegur\u00f3 que las elecciones al Poder Judicial han sido \u00abtodo un \u00e9xito\u00bb ya que cerca de 13 millones de mexicanas y mexicanos salieron a ejercer por primera vez en&#8230;<\/p>\n","protected":false},"author":2,"featured_media":66039,"comment_status":"closed","ping_status":"closed","sticky":false,"template":"","format":"standard","meta":{"_crdt_document":"","_exactmetrics_skip_tracking":false,"_exactmetrics_sitenote_active":false,"_exactmetrics_sitenote_note":"","_exactmetrics_sitenote_category":0,"footnotes":""},"categories":[88,26,23,82,31,1,27,69,65],"tags":[71,72,74,28,75],"class_list":["post-66038","post","type-post","status-publish","format-standard","has-post-thumbnail","hentry","category-justicia","category-local","category-mexico","category-poder-judicial","category-politica","category-seguridad","category-sonora","category-ultimas-noticias","category-videos","tag-alfonso-durazo","tag-claudia-sheinbaum","tag-hermosillo","tag-nogales","tag-seguridad-publica"],"_links":{"self":[{"href":"https:\/\/elpajaritonews.com\/index.php?rest_route=\/wp\/v2\/posts\/66038","targetHints":{"allow":["GET"]}}],"collection":[{"href":"https:\/\/elpajaritonews.com\/index.php?rest_route=\/wp\/v2\/posts"}],"about":[{"href":"https:\/\/elpajaritonews.com\/index.php?rest_route=\/wp\/v2\/types\/post"}],"author":[{"embeddable":true,"href":"https:\/\/elpajaritonews.com\/index.php?rest_route=\/wp\/v2\/users\/2"}],"replies":[{"embeddable":true,"href":"https:\/\/elpajaritonews.com\/index.php?rest_route=%2Fwp%2Fv2%2Fcomments&post=66038"}],"version-history":[{"count":1,"href":"https:\/\/elpajaritonews.com\/index.php?rest_route=\/wp\/v2\/posts\/66038\/revisions"}],"predecessor-version":[{"id":66040,"href":"https:\/\/elpajaritonews.com\/index.php?rest_route=\/wp\/v2\/posts\/66038\/revisions\/66040"}],"wp:featuredmedia":[{"embeddable":true,"href":"https:\/\/elpajaritonews.com\/index.php?rest_route=\/wp\/v2\/media\/66039"}],"wp:attachment":[{"href":"https:\/\/elpajaritonews.com\/index.php?rest_route=%2Fwp%2Fv2%2Fmedia&parent=66038"}],"wp:term":[{"taxonomy":"category","embeddable":true,"href":"https:\/\/elpajaritonews.com\/index.php?rest_route=%2Fwp%2Fv2%2Fcategories&post=66038"},{"taxonomy":"post_tag","embeddable":true,"href":"https:\/\/elpajaritonews.com\/index.php?rest_route=%2Fwp%2Fv2%2Ftags&post=66038"}],"curies":[{"name":"wp","href":"https:\/\/api.w.org\/{rel}","templated":true}]}}