{"id":66041,"date":"2025-06-02T13:41:39","date_gmt":"2025-06-02T20:41:39","guid":{"rendered":"https:\/\/elpajaritonews.com\/?p=66041"},"modified":"2025-06-02T13:41:43","modified_gmt":"2025-06-02T20:41:43","slug":"karla-yanez-presenta-agenda-verde-para-hermosillo","status":"publish","type":"post","link":"https:\/\/elpajaritonews.com\/?p=66041","title":{"rendered":"KARLA YANEZ PRESENTA AGENDA VERDE PARA HERMOSILLO"},"content":{"rendered":"\n<p class=\"wp-block-paragraph\">Karla Samantha Yanez Garc\u00eda present\u00f3 su Agenda Verde donde destaca la implementaci\u00f3n de programas de afiliaci\u00f3n como \u00abA ponerse la verde con el Verde\u00bb y de Denuncia Ciudadana denominado \u00abVigilante Verde\u00bb, as\u00ed como la instalaci\u00f3n de Comit\u00e9s Ciudadanos Verdes en las colonia de Hermosillo.<\/p>\n\n\n\n<p class=\"wp-block-paragraph\">La presidenta del PVEM Hermosillo anunci\u00f3 una agenda de acci\u00f3n ciudadana, participaci\u00f3n y compromiso ambiental, marcando el inicio de una nueva etapa caracterizada por el trabajo territorial, la cercan\u00eda con la ciudadan\u00eda y la defensa activa del medio ambiente en la capital de Sonora.<\/p>\n\n\n\n<p class=\"wp-block-paragraph\">Con una formaci\u00f3n orientada a la gesti\u00f3n social, el desarrollo comunitario y con experiencia en participaci\u00f3n juvenil, Karla Samantha representa una visi\u00f3n fresca, comprometida y preparada para dar respuesta a los desaf\u00edos ambientales y sociales que enfrenta la \u00abCiudad del Sol\u00bb.<\/p>\n\n\n\n<p class=\"wp-block-paragraph\">Destac\u00f3 que con el apoyo del dirigente estatal del Partido Verde en Sonora, Sergio Augusto L\u00f3pez Ram\u00edrez, la nueva dirigencia municipal del PVEM Hermosillo tiene como ejes centrales ambos programas.<\/p>\n\n\n\n<p class=\"wp-block-paragraph\">\u201cA ponerse la verde con el Verde\u201d, m\u00e1s que afiliar es sumar voluntades, \u00abeste programa de afiliaci\u00f3n tiene como meta construir una estructura ciudadana viva y activa, m\u00e1s all\u00e1 de los padrones pol\u00edticos tradicionales\u00bb.&nbsp;<\/p>\n\n\n\n<p class=\"wp-block-paragraph\">A\u00f1adi\u00f3 que el enfoque est\u00e1 en formar una comunidad ambientalista que participe en jornadas de limpieza, reforestaci\u00f3n y activismo urbano, encuentros vecinales y foros de formaci\u00f3n ambiental, as\u00ed como la difusi\u00f3n de valores y propuestas del PVEM en colonias, universidades y comercios.<\/p>\n\n\n\n<p class=\"wp-block-paragraph\">Karla Yanez expres\u00f3 que \u201cafiliarse al Verde es m\u00e1s que una firma, es comprometerse con Hermosillo, con su aire, su agua y su futuro. Queremos que ponerse la verde signifique participar, proponer y transformar\u201d.<\/p>\n\n\n\n<p class=\"wp-block-paragraph\">Respecto al programa \u201cVigilante Verde\u201d, la dirigente municipal del PVEM en Hermosillo describi\u00f3 que \u00abla ciudadan\u00eda que denuncia, sin duda tendr\u00e1 una ciudad que mejora a trav\u00e9s del lanzamiento de un canal oficial de denuncia ciudadana v\u00eda WhatsApp\u00bb.<\/p>\n\n\n\n<p class=\"wp-block-paragraph\">En este programa de denuncia p\u00fablica, dijo, la poblaci\u00f3n podr\u00e1 reportar problemas ambientales como fugas de agua potable o drenaje, basureros clandestinos, tala ilegal de \u00e1rboles o deforestaci\u00f3n urbana, contaminaci\u00f3n por polvo o ruido y baches peligrosos que afectan la movilidad y salud ambiental.<\/p>\n\n\n\n<p class=\"wp-block-paragraph\">Explic\u00f3 que \u00abeste programa busca dar seguimiento directo a cada denuncia, canalizar los reportes a las autoridades correspondientes, hacer p\u00fablica la informaci\u00f3n, creando mapas ciudadanos de conflicto ambiental y promoviendo la presi\u00f3n social organizada, con &#8216;Vigilante Verde&#8217;, ponemos en manos de la gente una herramienta real para cuidar su entorno, las denuncias no se van a archivar: se van a visibilizar, se van a exigir y se van a atender\u201d.<\/p>\n\n\n\n<p class=\"wp-block-paragraph\">Apunt\u00f3 que la Agenda Verde tambi\u00e9n contempla la instalaci\u00f3n de Comit\u00e9s Ciudadanos Verdes en zonas prioritarias, di\u00e1logos vecinales abiertos y audiencias mensuales itinerantes, vinculaci\u00f3n con j\u00f3venes, mujeres, profesionistas y comunidades rurales, as\u00ed como el impulso de propuestas locales sobre movilidad, \u00e1reas verdes y sustentabilidad urbana.<\/p>\n\n\n\n<p class=\"wp-block-paragraph\">Durante su presentaci\u00f3n oficial, Karla Samantha Yanez Garc\u00eda hizo un llamado a la ciudadan\u00eda, \u00abvivimos en una ciudad hermosa, pero golpeada por la contaminaci\u00f3n, la falta de agua, el abandono de espacios p\u00fablicos. Desde el Verde, vamos a caminar con la gente, escuchar, denunciar y proponer, no somos oposici\u00f3n, somos acci\u00f3n\u201d.<\/p>\n\n\n\n<p class=\"wp-block-paragraph\">Apunt\u00f3 que el Comit\u00e9 Municipal del PVEM Hermosillo trabajar\u00e1 en coordinaci\u00f3n con el Comit\u00e9 Estatal, colectivos ciudadanos, acad\u00e9micos y autoridades locales, con el objetivo de posicionar al partido como un actor social \u00fatil, constructivo y en movimiento en Hermosillo y en el resto de los municipios de Sonora.<\/p>\n","protected":false},"excerpt":{"rendered":"<p>Karla Samantha Yanez Garc\u00eda present\u00f3 su Agenda Verde donde destaca la implementaci\u00f3n de programas de afiliaci\u00f3n como \u00abA ponerse la verde con el Verde\u00bb y de Denuncia Ciudadana denominado \u00abVigilante Verde\u00bb, as\u00ed como la instalaci\u00f3n de Comit\u00e9s Ciudadanos Verdes en las colonia de Hermosillo. La presidenta del PVEM Hermosillo anunci\u00f3 una agenda de acci\u00f3n ciudadana,&#8230;<\/p>\n","protected":false},"author":2,"featured_media":66042,"comment_status":"closed","ping_status":"closed","sticky":false,"template":"","format":"standard","meta":{"_crdt_document":"","_exactmetrics_skip_tracking":false,"_exactmetrics_sitenote_active":false,"_exactmetrics_sitenote_note":"","_exactmetrics_sitenote_category":0,"footnotes":""},"categories":[26,37,31,1,27,69],"tags":[73,74,76],"class_list":["post-66041","post","type-post","status-publish","format-standard","has-post-thumbnail","hentry","category-local","category-medio-ambiente","category-politica","category-seguridad","category-sonora","category-ultimas-noticias","tag-congreso-del-estado-de-sonora","tag-hermosillo","tag-medio-ambiente"],"_links":{"self":[{"href":"https:\/\/elpajaritonews.com\/index.php?rest_route=\/wp\/v2\/posts\/66041","targetHints":{"allow":["GET"]}}],"collection":[{"href":"https:\/\/elpajaritonews.com\/index.php?rest_route=\/wp\/v2\/posts"}],"about":[{"href":"https:\/\/elpajaritonews.com\/index.php?rest_route=\/wp\/v2\/types\/post"}],"author":[{"embeddable":true,"href":"https:\/\/elpajaritonews.com\/index.php?rest_route=\/wp\/v2\/users\/2"}],"replies":[{"embeddable":true,"href":"https:\/\/elpajaritonews.com\/index.php?rest_route=%2Fwp%2Fv2%2Fcomments&post=66041"}],"version-history":[{"count":1,"href":"https:\/\/elpajaritonews.com\/index.php?rest_route=\/wp\/v2\/posts\/66041\/revisions"}],"predecessor-version":[{"id":66043,"href":"https:\/\/elpajaritonews.com\/index.php?rest_route=\/wp\/v2\/posts\/66041\/revisions\/66043"}],"wp:featuredmedia":[{"embeddable":true,"href":"https:\/\/elpajaritonews.com\/index.php?rest_route=\/wp\/v2\/media\/66042"}],"wp:attachment":[{"href":"https:\/\/elpajaritonews.com\/index.php?rest_route=%2Fwp%2Fv2%2Fmedia&parent=66041"}],"wp:term":[{"taxonomy":"category","embeddable":true,"href":"https:\/\/elpajaritonews.com\/index.php?rest_route=%2Fwp%2Fv2%2Fcategories&post=66041"},{"taxonomy":"post_tag","embeddable":true,"href":"https:\/\/elpajaritonews.com\/index.php?rest_route=%2Fwp%2Fv2%2Ftags&post=66041"}],"curies":[{"name":"wp","href":"https:\/\/api.w.org\/{rel}","templated":true}]}}