{"id":66051,"date":"2025-06-02T19:48:36","date_gmt":"2025-06-03T02:48:36","guid":{"rendered":"https:\/\/elpajaritonews.com\/?p=66051"},"modified":"2025-06-02T19:48:39","modified_gmt":"2025-06-03T02:48:39","slug":"quien-es-hugo-aguilar-ortiz-el-candidato-a-la-scjn-que-podria-llegar-a-la-presidencia-de-la-corte","status":"publish","type":"post","link":"https:\/\/elpajaritonews.com\/?p=66051","title":{"rendered":"QUI\u00c9N ES HUGO AGUILAR ORT\u00cdZ: EL CANDIDATO A LA SCJN QUE PODR\u00cdA LLEGAR A LA PRESIDENCIA DE LA CORTE"},"content":{"rendered":"\n<p class=\"wp-block-paragraph\">Seg\u00fan los datos del Instituto Nacional Electoral, Ort\u00edz cuenta con m\u00e1s de 3 millones de votos.<\/p>\n\n\n\n<p class=\"wp-block-paragraph\">\u00bfPocos? Cu\u00e1ntos mexicanos votaron en la Elecci\u00f3n Judicial 2025<\/p>\n\n\n\n<p class=\"wp-block-paragraph\">Clima en CDMX y Edomex: el pron\u00f3stico del tiempo para este martes 3 de junio 2025<\/p>\n\n\n\n<p class=\"wp-block-paragraph\">El minuto a minuto del resultado electoral judicial en M\u00e9xico nos permite conocer los posibles candidatos que se convertiran en jueces, magistrados o ministros. Seg\u00fan los c\u00f3mputos del Instituto Nacional Electoral (INE) en su corte de las 12:30 horas, el abogado ind\u00edgena de Oaxaca, Hugo Aguilar Ort\u00edz lleva la delantera para convertirse en el proximo presidente de la Suprema Corte de Justicia de la Naci\u00f3n (SCJN).<\/p>\n\n\n\n<p class=\"wp-block-paragraph\">El INE indic\u00f3 que Aguilar Ort\u00edz cuenta con un total de 3,123,052 votos, lo que representa el 5.1%. Este porcentaje supera a la de la candidata Lenis Batres Guadarrama que acumula un total de 2,953,459 de votos.<\/p>\n\n\n\n<p class=\"wp-block-paragraph\">El perfil del abogado ind\u00edgena oaxaque\u00f1o, se ha convertido en tendencia en las \u00faltimas horas, y por ello se conoci\u00f3 que es licenciado en Derecho y cuenta con una maestr\u00eda en Derecho Constitucional por la Facultad de Derecho y Ciencias Sociales de la Universidad Aut\u00f3noma Benito Ju\u00e1rez de Oaxaca.<\/p>\n\n\n\n<p class=\"wp-block-paragraph\">Qui\u00e9n es Hugo Aguilar Ort\u00edz<\/p>\n\n\n\n<p class=\"wp-block-paragraph\">Hugo Aguilar Ort\u00edz es licenciado en Derecho y cuenta con una maestr\u00eda en Derecho Constitucional por la Facultad de Derecho y Ciencias Sociales de la Universidad Aut\u00f3noma Benito Ju\u00e1rez de Oaxaca.<\/p>\n\n\n\n<p class=\"wp-block-paragraph\">Sus 30 a\u00f1os de trayectoria en el mundo del derecho se han centrado en la defensa de los pueblos originarios. En su perfil reconoce que \u201ccomo ind\u00edgena, un cargo es sin\u00f3nimo de servicio. Por ello, busco ponerme al servicio de la justicia y de los pueblos\u201d.<\/p>\n\n\n\n<p class=\"wp-block-paragraph\">Dentro de los cargos p\u00fablicos m\u00e1s recientes que ocup\u00f3 Aguilar fueron: subsecretario de Derechos Ind\u00edgenas en Oaxaca, coordinador general de Derechos Ind\u00edgenas en el Instituto Nacional de los Pueblos Ind\u00edgenas (INPI), as\u00ed como una amplia participaci\u00f3n como ponente y activista jur\u00eddico en foros nacionales e internacionales.<\/p>\n\n\n\n<p class=\"wp-block-paragraph\">Las principales propuestas de este candidato son apostar por una funci\u00f3n jurisdiccional cercana a las personas, que incorpore visitas situ, di\u00e1logo directo y un entendimiento concreto de los problemas, dejando atr\u00e1s los formalismos excesivos.<\/p>\n\n\n\n<p class=\"wp-block-paragraph\">Plantea una mayor participaci\u00f3n de instancias especializadas y la ampliaci\u00f3n de la figura del Amicus Curiae. Adem\u00e1s, promueve el di\u00e1logo directo con las partes involucradas, con el objetivo de entender con mayor profundidad las controversias y enriquecer las decisiones desde distintas perspectivas.<\/p>\n","protected":false},"excerpt":{"rendered":"<p>Seg\u00fan los datos del Instituto Nacional Electoral, Ort\u00edz cuenta con m\u00e1s de 3 millones de votos. \u00bfPocos? Cu\u00e1ntos mexicanos votaron en la Elecci\u00f3n Judicial 2025 Clima en CDMX y Edomex: el pron\u00f3stico del tiempo para este martes 3 de junio 2025 El minuto a minuto del resultado electoral judicial en M\u00e9xico nos permite conocer los&#8230;<\/p>\n","protected":false},"author":2,"featured_media":66052,"comment_status":"closed","ping_status":"closed","sticky":false,"template":"","format":"standard","meta":{"_crdt_document":"","_exactmetrics_skip_tracking":false,"_exactmetrics_sitenote_active":false,"_exactmetrics_sitenote_note":"","_exactmetrics_sitenote_category":0,"footnotes":""},"categories":[80,88,23,38,82,31,1,27,69],"tags":[71,72,74,28],"class_list":["post-66051","post","type-post","status-publish","format-standard","has-post-thumbnail","hentry","category-derechos-humanos","category-justicia","category-mexico","category-migracion","category-poder-judicial","category-politica","category-seguridad","category-sonora","category-ultimas-noticias","tag-alfonso-durazo","tag-claudia-sheinbaum","tag-hermosillo","tag-nogales"],"_links":{"self":[{"href":"https:\/\/elpajaritonews.com\/index.php?rest_route=\/wp\/v2\/posts\/66051","targetHints":{"allow":["GET"]}}],"collection":[{"href":"https:\/\/elpajaritonews.com\/index.php?rest_route=\/wp\/v2\/posts"}],"about":[{"href":"https:\/\/elpajaritonews.com\/index.php?rest_route=\/wp\/v2\/types\/post"}],"author":[{"embeddable":true,"href":"https:\/\/elpajaritonews.com\/index.php?rest_route=\/wp\/v2\/users\/2"}],"replies":[{"embeddable":true,"href":"https:\/\/elpajaritonews.com\/index.php?rest_route=%2Fwp%2Fv2%2Fcomments&post=66051"}],"version-history":[{"count":1,"href":"https:\/\/elpajaritonews.com\/index.php?rest_route=\/wp\/v2\/posts\/66051\/revisions"}],"predecessor-version":[{"id":66053,"href":"https:\/\/elpajaritonews.com\/index.php?rest_route=\/wp\/v2\/posts\/66051\/revisions\/66053"}],"wp:featuredmedia":[{"embeddable":true,"href":"https:\/\/elpajaritonews.com\/index.php?rest_route=\/wp\/v2\/media\/66052"}],"wp:attachment":[{"href":"https:\/\/elpajaritonews.com\/index.php?rest_route=%2Fwp%2Fv2%2Fmedia&parent=66051"}],"wp:term":[{"taxonomy":"category","embeddable":true,"href":"https:\/\/elpajaritonews.com\/index.php?rest_route=%2Fwp%2Fv2%2Fcategories&post=66051"},{"taxonomy":"post_tag","embeddable":true,"href":"https:\/\/elpajaritonews.com\/index.php?rest_route=%2Fwp%2Fv2%2Ftags&post=66051"}],"curies":[{"name":"wp","href":"https:\/\/api.w.org\/{rel}","templated":true}]}}